{"id":182862,"date":"2019-10-03T22:19:24","date_gmt":"2019-10-04T01:19:24","guid":{"rendered":"https:\/\/www.redenoticia.com.br\/noticia\/?p=182862"},"modified":"2019-10-03T22:19:24","modified_gmt":"2019-10-04T01:19:24","slug":"resumo-novela-abismo-de-paixao-04-10-carmen-descobre-segredo-de-ramiro","status":"publish","type":"post","link":"https:\/\/migracao.redenoticia.com.br\/noticia\/2019\/resumo-novela-abismo-de-paixao-04-10-carmen-descobre-segredo-de-ramiro\/182862","title":{"rendered":"Resumo novela \u201cAbismo de Paix\u00e3o\u201d 04\/10: Carmen descobre segredo de Ramiro"},"content":{"rendered":"<p> <img loading=\"lazy\" decoding=\"async\" class=\"aligncenter size-large wp-image-181127\" src=\"https:\/\/migracao.redenoticia.com.br\/noticia\/imagens\/abismo-de-paixao-sbt-resumo-327x300.jpg\" alt=\"\" width=\"327\" height=\"300\" srcset=\"https:\/\/migracao.redenoticia.com.br\/noticia\/imagens\/abismo-de-paixao-sbt-resumo-327x300.jpg 327w, https:\/\/migracao.redenoticia.com.br\/noticia\/imagens\/abismo-de-paixao-sbt-resumo-204x187.jpg 204w, https:\/\/migracao.redenoticia.com.br\/noticia\/imagens\/abismo-de-paixao-sbt-resumo.jpg 426w\" sizes=\"auto, (max-width: 327px) 100vw, 327px\" \/><\/p>\n<p><strong><em>Resumo da novela \u201cAbismo de Paix\u00e3o\u201d<\/em><\/strong> em 04\/10: no cap\u00edtulo 029(*) da novela, sexta-feira, 04 de outubro, Dolores encontra Hor\u00e1cio fora da igreja e, chorando, diz que Branca era uma mulher muito querida por todos e que para Elisa era como uma segunda m\u00e3e, por isso a d\u00f3i muito sua morte, Hor\u00e1rio, com pena, pede licen\u00e7a para Dolores e sai. Ant\u00f4nia diz a Almerinda que Br\u00e1ulio a disse o inc\u00eandio que vitimou Branca pode ter sido provocado. Almerinda a questiona sobre quem poderia ter interesse em fazer mal a Branca. Ant\u00f4nia responde que Ramiro odeia L\u00facio e estava furioso porque Dami\u00e3o havia dito que o senhor voltaria a ter um cargo de confian\u00e7a na processadora, Almerinda zangada diz a Ant\u00f4nia que \u00e9 muito c\u00f4modo jogar a culpa de tudo em Ramiro e que o culpado, mais cedo ou mais tarde, ser\u00e1 pego pelas autoridades.<\/p>\n<p>Carmen descobre, por casualidade, que foi Ramiro quem ordenou a Hor\u00e1cio que matasse L\u00facio, mas por uma infelicidade quem acabou morrendo foi Branca. Carmen exige uma grande quantia em dinheiro para guardar o segredo de Ramiro, este \u00e0 diz que tamb\u00e9m sabe um grande segredo dela, e tem o guardado por anos, ent\u00e3o que agora eles est\u00e3o quites. Flor\u00eancia conta a Almerinda sobre o incidente entre L\u00facio e Ramiro. Dami\u00e3o escuta quando Flor\u00eancia est\u00e1 falando com Sabrina para marcar um encontro com Henrique, as interrompe e pergunta qual o motivo desse encontro.<\/p>\n<p>(*) edi\u00e7\u00e3o do SBT, Novela \u201cAbismo de Paix\u00e3o\u201d, sujeito a altera\u00e7\u00e3o de data e conte\u00fado.<\/p>\n<p>&#8220;Abismo de Paix\u00e3o&#8221;- Augusto Casta\u00f1\u00f3n (Alejandro Camacho) e Estef\u00e2nia Bouvier de Casta\u00f1\u00f3n (Ludwika Paleta) s\u00e3o pais de Elisa (Angelique Boyer). Com eles vive Carmen Bouvier (Sabine Moussier), irm\u00e3 mais velha de Estef\u00e2nia e que vai fugir do povoado com Rog\u00e9rio Arango (C\u00e9sar \u00c9vora), esposo de Almerinda Arango (Blanca Guerra) e pai de Dami\u00e3o (David Zepeda), melhor amigo de Elisa. Almerinda descobre e alerta a Augusto.<\/p>\n<p>Por sua parte, Estef\u00e2nia tenta impedir Rog\u00e9rio a n\u00e3o abandonar sua fam\u00edlia, mas devido ao intemp\u00e9rie da chuva, ambos morrem em um acidente de carro. Carmem aproveita o fato para fazer Augusto acreditar que sua esposa era infiel. Augusto, por despeito, casa-se com Carmem, apesar de n\u00e3o estar apaixonado por ela e nem am\u00e1-la. Carmem est\u00e1 gr\u00e1vida de Rog\u00e9rio, mas mente para Augusto, dizendo que o filho \u00e9 dele. <\/p>\n<p>Querendo bater em Elisa, Carmem escorrega e cai na piscina da casa, causando morte s\u00fabita ao beb\u00ea. Por sua parte, Almerinda decide mandar a Dami\u00e3o para fora do povoado a estudar para separ\u00e1-lo de Elisa de quem \u00e9 muito amigo, amizade que ela n\u00e3o v\u00ea com bons olhos, ap\u00f3s inocentemente os dois fugirem juntos.<\/p>\n","protected":false},"excerpt":{"rendered":"<p>Resumo da novela \u201cAbismo de Paix\u00e3o\u201d em 04\/10: no cap\u00edtulo 029(*) da novela, sexta-feira, 04 de outubro, Dolores encontra Hor\u00e1cio fora da igreja e, chorando, diz que Branca era uma mulher muito querida por todos e que para Elisa era como uma segunda m\u00e3e, por isso a d\u00f3i muito sua morte, Hor\u00e1rio, com pena, pede [&hellip;]<\/p>\n","protected":false},"author":2,"featured_media":181126,"comment_status":"open","ping_status":"closed","sticky":false,"template":"","format":"standard","meta":{"tdm_status":"","tdm_grid_status":"","footnotes":""},"categories":[379,372,343],"tags":[441],"class_list":{"0":"post-182862","1":"post","2":"type-post","3":"status-publish","4":"format-standard","5":"has-post-thumbnail","7":"category-novelas","8":"category-sbt","9":"category-televisao","10":"tag-resumo-do-dia"},"_links":{"self":[{"href":"https:\/\/migracao.redenoticia.com.br\/noticia\/wp-json\/wp\/v2\/posts\/182862","targetHints":{"allow":["GET"]}}],"collection":[{"href":"https:\/\/migracao.redenoticia.com.br\/noticia\/wp-json\/wp\/v2\/posts"}],"about":[{"href":"https:\/\/migracao.redenoticia.com.br\/noticia\/wp-json\/wp\/v2\/types\/post"}],"author":[{"embeddable":true,"href":"https:\/\/migracao.redenoticia.com.br\/noticia\/wp-json\/wp\/v2\/users\/2"}],"replies":[{"embeddable":true,"href":"https:\/\/migracao.redenoticia.com.br\/noticia\/wp-json\/wp\/v2\/comments?post=182862"}],"version-history":[{"count":0,"href":"https:\/\/migracao.redenoticia.com.br\/noticia\/wp-json\/wp\/v2\/posts\/182862\/revisions"}],"wp:featuredmedia":[{"embeddable":true,"href":"https:\/\/migracao.redenoticia.com.br\/noticia\/wp-json\/wp\/v2\/media\/181126"}],"wp:attachment":[{"href":"https:\/\/migracao.redenoticia.com.br\/noticia\/wp-json\/wp\/v2\/media?parent=182862"}],"wp:term":[{"taxonomy":"category","embeddable":true,"href":"https:\/\/migracao.redenoticia.com.br\/noticia\/wp-json\/wp\/v2\/categories?post=182862"},{"taxonomy":"post_tag","embeddable":true,"href":"https:\/\/migracao.redenoticia.com.br\/noticia\/wp-json\/wp\/v2\/tags?post=182862"}],"curies":[{"name":"wp","href":"https:\/\/api.w.org\/{rel}","templated":true}]}}