{"id":182923,"date":"2019-10-27T22:21:38","date_gmt":"2019-10-28T01:21:38","guid":{"rendered":"https:\/\/www.redenoticia.com.br\/noticia\/?p=182923"},"modified":"2019-10-29T22:27:35","modified_gmt":"2019-10-30T01:27:35","slug":"novela-a-dona-do-pedaco-fas-de-vivi-atiram-ovos-em-fabiana","status":"publish","type":"post","link":"https:\/\/migracao.redenoticia.com.br\/noticia\/2019\/novela-a-dona-do-pedaco-fas-de-vivi-atiram-ovos-em-fabiana\/182923","title":{"rendered":"Novela \u201cA Dona do Peda\u00e7o\u201d: F\u00e3s de Vivi atiram ovos em Fabiana"},"content":{"rendered":"<p><img loading=\"lazy\" decoding=\"async\" src=\"https:\/\/migracao.redenoticia.com.br\/noticia\/imagens\/A-Dona-do-Pedaco-globo-06-310x300.jpg\" alt=\"\" width=\"310\" height=\"300\" class=\"aligncenter size-large wp-image-176787\" srcset=\"https:\/\/migracao.redenoticia.com.br\/noticia\/imagens\/A-Dona-do-Pedaco-globo-06-310x300.jpg 310w, https:\/\/migracao.redenoticia.com.br\/noticia\/imagens\/A-Dona-do-Pedaco-globo-06-193x187.jpg 193w, https:\/\/migracao.redenoticia.com.br\/noticia\/imagens\/A-Dona-do-Pedaco-globo-06.jpg 608w\" sizes=\"auto, (max-width: 310px) 100vw, 310px\" \/> <strong><em>Novela &#8220;A Dona do Peda\u00e7o\u201d:<\/em><\/strong> Abel (Pedro Carvalho) compete em um programa de confeiteiros onde Vivi (Paolla Oliveira) \u00e9 uma das juradas. Muito exigente, ela critica os bolos e irrita Abel e os outros competidores. Em uma das etapas, Vivi fala que o bolo dele tem gosto de sab\u00e3o. Abel perde a paci\u00eancia, atira bolo na cara da jurada e \u00e9 desclassificado.<\/p>\n<p>Fabiana (Nathalia Dill) amea\u00e7a demitir Abel, M\u00e1rcio (Anderson Di Rizzi) defende o funcion\u00e1rio e Z\u00e9 H\u00e9lio (Bruno Bevan) diz: &#8220;Fiz um comunicado pela internet. Mas as nossas redes sociais ca\u00edram, de tantas mensagens. Tem at\u00e9 uma hashtag: #n\u00e3ocomambolosdapaz&#8221;. Os f\u00e3s de Vivi se reunem na frente da f\u00e1brica para um protesto e Fabiana tenta acalmar os manifestantes: &#8220;O Abel n\u00e3o foi no Best Cake representando a Bolos da Paz. Ele foi por ele mesmo. Eu n\u00e3o concordo com a atitude que ele teve, de jogar o bolo na Vivi Guedes. Sou contra qualquer gesto agressivo&#8221;.<\/p>\n<p>Os manifestantes atiram ovos na vil\u00e3 e M\u00e1rcio aproveita o momento: &#8220;Voc\u00ea tirou os chuveiros. Depois, prometeu que ia botar pra funcionar, mas n\u00e3o botou. S\u00f3 mesmo tomando banho de pia&#8221;. Cena prevista para dia 28 de outubro na novela \u201cA Dona do Peda\u00e7o\u201d.<\/p>\n<p>\u201cA Dona do Peda\u00e7o\u201d: a novela enaltece a trajet\u00f3ria de Maria da Paz (Juliana Paes), uma jovem humilde, da cidade fict\u00edcia de Rio Vermelho, no Esp\u00edrito Santo. Maria vem de uma fam\u00edlia de justiceiros profissionais, os Ramirez, e se apaixona justamente por Amadeu (Marcos Palmeira), advogado formado em Vit\u00f3ria e membro do cl\u00e3 rival nos neg\u00f3cios, os Matheus. A trama, dividida em um pr\u00f3logo e duas fases, traz uma hist\u00f3ria de amor com elementos \u00e0 Romeu e Julieta, sem perder o humor, que permeia todo o folhetim.<\/p>\n","protected":false},"excerpt":{"rendered":"<p>Novela &#8220;A Dona do Peda\u00e7o\u201d: Abel (Pedro Carvalho) compete em um programa de confeiteiros onde Vivi (Paolla Oliveira) \u00e9 uma das juradas. Muito exigente, ela critica os bolos e irrita Abel e os outros competidores. Em uma das etapas, Vivi fala que o bolo dele tem gosto de sab\u00e3o. Abel perde a paci\u00eancia, atira bolo [&hellip;]<\/p>\n","protected":false},"author":2,"featured_media":177402,"comment_status":"open","ping_status":"closed","sticky":false,"template":"","format":"standard","meta":{"tdm_status":"","tdm_grid_status":"","footnotes":""},"categories":[543,379,375,343],"tags":[440],"class_list":{"0":"post-182923","1":"post","2":"type-post","3":"status-publish","4":"format-standard","5":"has-post-thumbnail","7":"category-a-dona-do-pedaco","8":"category-novelas","9":"category-rede-globo","10":"category-televisao","11":"tag-noticia-novela"},"_links":{"self":[{"href":"https:\/\/migracao.redenoticia.com.br\/noticia\/wp-json\/wp\/v2\/posts\/182923","targetHints":{"allow":["GET"]}}],"collection":[{"href":"https:\/\/migracao.redenoticia.com.br\/noticia\/wp-json\/wp\/v2\/posts"}],"about":[{"href":"https:\/\/migracao.redenoticia.com.br\/noticia\/wp-json\/wp\/v2\/types\/post"}],"author":[{"embeddable":true,"href":"https:\/\/migracao.redenoticia.com.br\/noticia\/wp-json\/wp\/v2\/users\/2"}],"replies":[{"embeddable":true,"href":"https:\/\/migracao.redenoticia.com.br\/noticia\/wp-json\/wp\/v2\/comments?post=182923"}],"version-history":[{"count":0,"href":"https:\/\/migracao.redenoticia.com.br\/noticia\/wp-json\/wp\/v2\/posts\/182923\/revisions"}],"wp:featuredmedia":[{"embeddable":true,"href":"https:\/\/migracao.redenoticia.com.br\/noticia\/wp-json\/wp\/v2\/media\/177402"}],"wp:attachment":[{"href":"https:\/\/migracao.redenoticia.com.br\/noticia\/wp-json\/wp\/v2\/media?parent=182923"}],"wp:term":[{"taxonomy":"category","embeddable":true,"href":"https:\/\/migracao.redenoticia.com.br\/noticia\/wp-json\/wp\/v2\/categories?post=182923"},{"taxonomy":"post_tag","embeddable":true,"href":"https:\/\/migracao.redenoticia.com.br\/noticia\/wp-json\/wp\/v2\/tags?post=182923"}],"curies":[{"name":"wp","href":"https:\/\/api.w.org\/{rel}","templated":true}]}}