{"id":182986,"date":"2019-10-07T11:34:46","date_gmt":"2019-10-07T14:34:46","guid":{"rendered":"https:\/\/www.redenoticia.com.br\/noticia\/?p=182986"},"modified":"2019-10-07T11:34:46","modified_gmt":"2019-10-07T14:34:46","slug":"resumo-novela-abismo-de-paixao-08-10-augusto-fica-desolado-ao-ler-resultado-do-dna-falsificado","status":"publish","type":"post","link":"https:\/\/migracao.redenoticia.com.br\/noticia\/2019\/resumo-novela-abismo-de-paixao-08-10-augusto-fica-desolado-ao-ler-resultado-do-dna-falsificado\/182986","title":{"rendered":"Resumo novela \u201cAbismo de Paix\u00e3o\u201d 08\/10: Augusto fica desolado ao ler resultado do DNA falsificado"},"content":{"rendered":"<p><img loading=\"lazy\" decoding=\"async\" class=\"aligncenter size-large wp-image-181127\" src=\"https:\/\/migracao.redenoticia.com.br\/noticia\/imagens\/abismo-de-paixao-sbt-resumo-327x300.jpg\" alt=\"\" width=\"327\" height=\"300\" srcset=\"https:\/\/migracao.redenoticia.com.br\/noticia\/imagens\/abismo-de-paixao-sbt-resumo-327x300.jpg 327w, https:\/\/migracao.redenoticia.com.br\/noticia\/imagens\/abismo-de-paixao-sbt-resumo-204x187.jpg 204w, https:\/\/migracao.redenoticia.com.br\/noticia\/imagens\/abismo-de-paixao-sbt-resumo.jpg 426w\" sizes=\"auto, (max-width: 327px) 100vw, 327px\" \/><\/p>\n<p><strong><em>Resumo da novela \u201cAbismo de Paix\u00e3o\u201d<\/em><\/strong> em 08\/10: no cap\u00edtulo 031(*) da novela, ter\u00e7a-feira, 08 de outubro, Carmen despede Dolores porque ela a diz que toda a vida invejou sua irm\u00e3 Estef\u00e2nia, e odeia Elisa porque ela a faz lembrar de sua irm\u00e3, al\u00e9m de garantir que sabe que foi a megera que permitiu a entrada de Paulo no quarto de Elisa. Paulo diz a Ramiro que Carmen foi quem o deixou entrar no quarto de Elisa, e est\u00e1 se zangou muito, por\u00e9m o pior foi que quando ele estava para sair, chegou Augusto, e o flagrou junto com a garota. Ramiro diz que Carmen \u00e9 muito especial, e ele deve ter cuidado com ela. Augusto l\u00ea o resultado da prova de paternidade falsificada e fica desolado ao se inteirar que Elisa n\u00e3o \u00e9 sua filha. Gael, furioso, tenta agredir Paulo, a fim de que ele deixe Elisa em paz.<\/p>\n<p>Dami\u00e3o pergunta a Gael porque ele queria brigar com Paulo, Gael o diz que Paulo se meteu no quarto de Elisa, e n\u00e3o acredita que ele tivesse boas inten\u00e7\u00f5es. Dami\u00e3o adverte Paulo que se n\u00e3o deixar Elisa em paz, ser\u00e1 ele mesmo que o \u2018quebrar\u00e1\u2019 a cara. Elisa diz a Dolores que ir\u00e1 embora com ela, Augusto adverte Elisa que n\u00e3o v\u00e1, pois o que quer \u00e9 liberdade para fazer o que a de vontade. Elisa diz ao pai que fica com a condi\u00e7\u00e3o que Dolores tamb\u00e9m fique, Augusto procura Carmen para diz\u00ea-la que Elisa e Dolores ficaram na casa. Carmen adverte Augusto que quando souber o resultado de exame de DNA, ser\u00e1 ele mesmo quem expulsar\u00e1 Elisa de casa.<\/p>\n<p>Augusto o diz que j\u00e1 sabe o resultado, e que Elisa fica, sendo ou n\u00e3o sua filha. Carmen adverte Dolores que procurar\u00e1 uma maneira para se desfazer dela. Almerinda diz a Elisa que quer fazer um trato com ela, Elisa responde que j\u00e1 sabe que com ela n\u00e3o existem tratos, e tamb\u00e9m n\u00e3o a interessa dialogar. Almerinda insiste, dizendo que pode resolver todos os problemas econ\u00f4micos de Augusto, em troca de que ela apenas se afaste de Dami\u00e3o.<\/p>\n<p>Elisa responde que o melhor seria que Almerinda oferecesse algo que interessasse \u00e1 Dami\u00e3o, assim ele n\u00e3o a procuraria, e tudo que ela deseja \u00e9 que Dami\u00e3o e Flor\u00eancia desapare\u00e7am, e Almerinda a deixe em paz. Elisa pede a L\u00facio que a ajude a semear nas terras que herdou de sua m\u00e3e. Almerinda tenta convencer Dami\u00e3o a voltar para a capital, e que adiante o casamento com Flor\u00eancia. Dami\u00e3o responde que n\u00e3o entende o motivo de tanta pressa, Almerinda diz que o tem notado muito estranho com Flor\u00eancia, e o pergunta se ele realmente quer se casar com ela.<\/p>\n<p>(*) edi\u00e7\u00e3o do SBT, Novela \u201cAbismo de Paix\u00e3o\u201d, sujeito a altera\u00e7\u00e3o de data e conte\u00fado.<\/p>\n<p>&#8220;Abismo de Paix\u00e3o&#8221;- Augusto Casta\u00f1\u00f3n (Alejandro Camacho) e Estef\u00e2nia Bouvier de Casta\u00f1\u00f3n (Ludwika Paleta) s\u00e3o pais de Elisa (Angelique Boyer). Com eles vive Carmen Bouvier (Sabine Moussier), irm\u00e3 mais velha de Estef\u00e2nia e que vai fugir do povoado com Rog\u00e9rio Arango (C\u00e9sar \u00c9vora), esposo de Almerinda Arango (Blanca Guerra) e pai de Dami\u00e3o (David Zepeda), melhor amigo de Elisa. Almerinda descobre e alerta a Augusto.<\/p>\n<p>Por sua parte, Estef\u00e2nia tenta impedir Rog\u00e9rio a n\u00e3o abandonar sua fam\u00edlia, mas devido ao intemp\u00e9rie da chuva, ambos morrem em um acidente de carro. Carmem aproveita o fato para fazer Augusto acreditar que sua esposa era infiel. Augusto, por despeito, casa-se com Carmem, apesar de n\u00e3o estar apaixonado por ela e nem am\u00e1-la. Carmem est\u00e1 gr\u00e1vida de Rog\u00e9rio, mas mente para Augusto, dizendo que o filho \u00e9 dele. <\/p>\n<p>Querendo bater em Elisa, Carmem escorrega e cai na piscina da casa, causando morte s\u00fabita ao beb\u00ea. Por sua parte, Almerinda decide mandar a Dami\u00e3o para fora do povoado a estudar para separ\u00e1-lo de Elisa de quem \u00e9 muito amigo, amizade que ela n\u00e3o v\u00ea com bons olhos, ap\u00f3s inocentemente os dois fugirem juntos.<\/p>\n","protected":false},"excerpt":{"rendered":"<p>Resumo da novela \u201cAbismo de Paix\u00e3o\u201d em 08\/10: no cap\u00edtulo 031(*) da novela, ter\u00e7a-feira, 08 de outubro, Carmen despede Dolores porque ela a diz que toda a vida invejou sua irm\u00e3 Estef\u00e2nia, e odeia Elisa porque ela a faz lembrar de sua irm\u00e3, al\u00e9m de garantir que sabe que foi a megera que permitiu a [&hellip;]<\/p>\n","protected":false},"author":4,"featured_media":181126,"comment_status":"open","ping_status":"closed","sticky":false,"template":"","format":"standard","meta":{"tdm_status":"","tdm_grid_status":"","footnotes":""},"categories":[379,372,343],"tags":[441],"class_list":{"0":"post-182986","1":"post","2":"type-post","3":"status-publish","4":"format-standard","5":"has-post-thumbnail","7":"category-novelas","8":"category-sbt","9":"category-televisao","10":"tag-resumo-do-dia"},"_links":{"self":[{"href":"https:\/\/migracao.redenoticia.com.br\/noticia\/wp-json\/wp\/v2\/posts\/182986","targetHints":{"allow":["GET"]}}],"collection":[{"href":"https:\/\/migracao.redenoticia.com.br\/noticia\/wp-json\/wp\/v2\/posts"}],"about":[{"href":"https:\/\/migracao.redenoticia.com.br\/noticia\/wp-json\/wp\/v2\/types\/post"}],"author":[{"embeddable":true,"href":"https:\/\/migracao.redenoticia.com.br\/noticia\/wp-json\/wp\/v2\/users\/4"}],"replies":[{"embeddable":true,"href":"https:\/\/migracao.redenoticia.com.br\/noticia\/wp-json\/wp\/v2\/comments?post=182986"}],"version-history":[{"count":0,"href":"https:\/\/migracao.redenoticia.com.br\/noticia\/wp-json\/wp\/v2\/posts\/182986\/revisions"}],"wp:featuredmedia":[{"embeddable":true,"href":"https:\/\/migracao.redenoticia.com.br\/noticia\/wp-json\/wp\/v2\/media\/181126"}],"wp:attachment":[{"href":"https:\/\/migracao.redenoticia.com.br\/noticia\/wp-json\/wp\/v2\/media?parent=182986"}],"wp:term":[{"taxonomy":"category","embeddable":true,"href":"https:\/\/migracao.redenoticia.com.br\/noticia\/wp-json\/wp\/v2\/categories?post=182986"},{"taxonomy":"post_tag","embeddable":true,"href":"https:\/\/migracao.redenoticia.com.br\/noticia\/wp-json\/wp\/v2\/tags?post=182986"}],"curies":[{"name":"wp","href":"https:\/\/api.w.org\/{rel}","templated":true}]}}