{"id":182988,"date":"2019-10-07T11:36:41","date_gmt":"2019-10-07T14:36:41","guid":{"rendered":"https:\/\/www.redenoticia.com.br\/noticia\/?p=182988"},"modified":"2019-10-07T11:36:41","modified_gmt":"2019-10-07T14:36:41","slug":"resumo-novela-a-que-nao-podia-amar-08-10-bruno-e-vanessa-se-beijam-apaixonadamente","status":"publish","type":"post","link":"https:\/\/migracao.redenoticia.com.br\/noticia\/2019\/resumo-novela-a-que-nao-podia-amar-08-10-bruno-e-vanessa-se-beijam-apaixonadamente\/182988","title":{"rendered":"Resumo novela \u201cA Que N\u00e3o Podia Amar\u201d 08\/10: Bruno e Vanessa se beijam apaixonadamente"},"content":{"rendered":"<p><img loading=\"lazy\" decoding=\"async\" class=\"aligncenter size-large wp-image-173635\" src=\"https:\/\/migracao.redenoticia.com.br\/noticia\/imagens\/a-que-nao-podia-amar-400x271.jpg\" alt=\"\" width=\"400\" height=\"271\" srcset=\"https:\/\/migracao.redenoticia.com.br\/noticia\/imagens\/a-que-nao-podia-amar-400x271.jpg 400w, https:\/\/migracao.redenoticia.com.br\/noticia\/imagens\/a-que-nao-podia-amar-250x169.jpg 250w, https:\/\/migracao.redenoticia.com.br\/noticia\/imagens\/a-que-nao-podia-amar-560x379.jpg 560w, https:\/\/migracao.redenoticia.com.br\/noticia\/imagens\/a-que-nao-podia-amar.jpg 620w\" sizes=\"auto, (max-width: 400px) 100vw, 400px\" \/><\/p>\n<p><strong><em>Resumo da novela \u201cA Que N\u00e3o Podia Amar\u201d<\/em><\/strong> em 08\/10: no cap\u00edtulo 132(*) da novela, ter\u00e7a-feira, 08  de outubro, Gustavo passa mais tempo com C\u00edntia, leva caf\u00e9 da manh\u00e3 na cama, nesse momento batem na janela, ela sabe que \u00e9 Elias e n\u00e3o sabe o que fazer. Bruno e Vanessa se beijam apaixonadamente, agora est\u00e3o mais aliados que nunca. Mais tarde, C\u00edntia coloca um basta em Elias e avisa que se ele quer contar a verdade, que o fa\u00e7a, mas ela amea\u00e7a dizer que foi abusada assim como sua m\u00e3e.<\/p>\n<p>C\u00edntia descobre que Vanessa e Bruno tiveram rela\u00e7\u00f5es, tira conclus\u00f5es e descobre que foram eles que estragaram o contrato com Cingapura. Enquanto isso, Rog\u00e9rio diz a Ana Paula que se descobrir que Bruno e Vanessa tiveram algo a ver com o cancelamento do contrato com Cingapura, vai faz\u00ea-los pagar.<\/p>\n<p>(*) edi\u00e7\u00e3o do SBT, Novela \u201cA Que N\u00e3o Podia Amar\u201d, sujeito a altera\u00e7\u00e3o de data e conte\u00fado.<\/p>\n<p>&#8220;A Que N\u00e3o Podia Amar&#8221;- Ana Paula, uma enfermeira humilde que se v\u00ea obrigada a trabalhar na casa de Rog\u00e9rio Montero (Jorge Salinas), um homem amargurado. Rog\u00e9rio sofre por ser parapl\u00e9gico e destrata todas as pessoas. Ana Paula atura tudo calada e o rica\u00e7o se apaixona por ela.<\/p>\n<p>Ana conhece Gustavo Duran (Jos\u00e9 Ron), um engenheiro nobre e trabalhador. Os dois se apaixonam, mas ter\u00e3o de enfrentar Rog\u00e9rio, j\u00e1 que ele tamb\u00e9m gosta da mocinha, formando assim, um tri\u00e2ngulo amoroso com terr\u00edveis consequ\u00eancias.<\/p>\n","protected":false},"excerpt":{"rendered":"<p>Resumo da novela \u201cA Que N\u00e3o Podia Amar\u201d em 08\/10: no cap\u00edtulo 132(*) da novela, ter\u00e7a-feira, 08 de outubro, Gustavo passa mais tempo com C\u00edntia, leva caf\u00e9 da manh\u00e3 na cama, nesse momento batem na janela, ela sabe que \u00e9 Elias e n\u00e3o sabe o que fazer. Bruno e Vanessa se beijam apaixonadamente, agora est\u00e3o [&hellip;]<\/p>\n","protected":false},"author":4,"featured_media":173627,"comment_status":"open","ping_status":"closed","sticky":false,"template":"","format":"standard","meta":{"tdm_status":"","tdm_grid_status":"","footnotes":""},"categories":[379,372,343],"tags":[441],"class_list":{"0":"post-182988","1":"post","2":"type-post","3":"status-publish","4":"format-standard","5":"has-post-thumbnail","7":"category-novelas","8":"category-sbt","9":"category-televisao","10":"tag-resumo-do-dia"},"_links":{"self":[{"href":"https:\/\/migracao.redenoticia.com.br\/noticia\/wp-json\/wp\/v2\/posts\/182988","targetHints":{"allow":["GET"]}}],"collection":[{"href":"https:\/\/migracao.redenoticia.com.br\/noticia\/wp-json\/wp\/v2\/posts"}],"about":[{"href":"https:\/\/migracao.redenoticia.com.br\/noticia\/wp-json\/wp\/v2\/types\/post"}],"author":[{"embeddable":true,"href":"https:\/\/migracao.redenoticia.com.br\/noticia\/wp-json\/wp\/v2\/users\/4"}],"replies":[{"embeddable":true,"href":"https:\/\/migracao.redenoticia.com.br\/noticia\/wp-json\/wp\/v2\/comments?post=182988"}],"version-history":[{"count":0,"href":"https:\/\/migracao.redenoticia.com.br\/noticia\/wp-json\/wp\/v2\/posts\/182988\/revisions"}],"wp:featuredmedia":[{"embeddable":true,"href":"https:\/\/migracao.redenoticia.com.br\/noticia\/wp-json\/wp\/v2\/media\/173627"}],"wp:attachment":[{"href":"https:\/\/migracao.redenoticia.com.br\/noticia\/wp-json\/wp\/v2\/media?parent=182988"}],"wp:term":[{"taxonomy":"category","embeddable":true,"href":"https:\/\/migracao.redenoticia.com.br\/noticia\/wp-json\/wp\/v2\/categories?post=182988"},{"taxonomy":"post_tag","embeddable":true,"href":"https:\/\/migracao.redenoticia.com.br\/noticia\/wp-json\/wp\/v2\/tags?post=182988"}],"curies":[{"name":"wp","href":"https:\/\/api.w.org\/{rel}","templated":true}]}}