{"id":183110,"date":"2019-10-09T13:53:24","date_gmt":"2019-10-09T16:53:24","guid":{"rendered":"https:\/\/www.redenoticia.com.br\/noticia\/?p=183110"},"modified":"2019-10-09T13:53:24","modified_gmt":"2019-10-09T16:53:24","slug":"resumo-novela-cumplices-de-um-resgate-10-10-teo-acredita-que-gosta-de-isabela","status":"publish","type":"post","link":"https:\/\/migracao.redenoticia.com.br\/noticia\/2019\/resumo-novela-cumplices-de-um-resgate-10-10-teo-acredita-que-gosta-de-isabela\/183110","title":{"rendered":"Resumo novela \u201cC\u00famplices de um Resgate\u201d 10\/10: T\u00e9o acredita que gosta de Isabela"},"content":{"rendered":"<p><img loading=\"lazy\" decoding=\"async\" class=\"aligncenter size-large wp-image-164526\" src=\"https:\/\/migracao.redenoticia.com.br\/noticia\/imagens\/cumplices-de-um-resgate-001-316x300.jpg\" alt=\"\" width=\"316\" height=\"300\" srcset=\"https:\/\/migracao.redenoticia.com.br\/noticia\/imagens\/cumplices-de-um-resgate-001-316x300.jpg 316w, https:\/\/migracao.redenoticia.com.br\/noticia\/imagens\/cumplices-de-um-resgate-001-197x187.jpg 197w, https:\/\/migracao.redenoticia.com.br\/noticia\/imagens\/cumplices-de-um-resgate-001-150x143.jpg 150w, https:\/\/migracao.redenoticia.com.br\/noticia\/imagens\/cumplices-de-um-resgate-001.jpg 526w\" sizes=\"auto, (max-width: 316px) 100vw, 316px\" \/><\/p>\n<p><strong><em>Resumo novela \u201cC\u00famplices de um Resgate\u201d 10\/10<\/em><\/strong>: no cap\u00edtulo 200(*) da novela, quinta-feira, 10 de outubro, Nina e Fiorina discutem no vilarejo ao separarem as cadeiras para os evang\u00e9licos e cat\u00f3licos assistirem a pe\u00e7a das crian\u00e7as. Isabela conversa com T\u00e9o, por quem est\u00e1 apaixonada. Luiz conta para a esposa que Ot\u00e1vio topou o neg\u00f3cio de ampliar a confec\u00e7\u00e3o. Ap\u00f3s momentos com Isabela, T\u00e9o diz, sozinho, que sente que Manuela n\u00e3o \u00e9 a mesma de antes, mas que gosta da nova Manuela. As crian\u00e7as fazem os \u00faltimos ensaios individuais para a pe\u00e7a de teatro.<\/p>\n<p>Na gravadora, Bira (Ailton Rosa) diz para Felipe e Julia que gosta da recepcionista Let\u00edcia (Maria Eduarda Machado). Julia deixa um bombom para Bira e outro igual para Leticia com a inten\u00e7\u00e3o de que um pense que o outro mandou o chocolate. Regina faz Manuela falar com Raul para dizer que est\u00e1 tudo bem.<\/p>\n<p>(*) edi\u00e7\u00e3o do SBT, Novela \u201cC\u00famplices de um Resgate\u201d, sujeito a altera\u00e7\u00e3o de data e conte\u00fado.<\/p>\n<p>\u201cC\u00famplices de um Resgate\u201d &#8211; Duas irm\u00e3s g\u00eameas univitelinas que foram separadas ap\u00f3s nascimento, se reencontram somente ap\u00f3s doze anos. Manuela, uma das g\u00eameas, \u00e9 doce, meiga, gentil, e muito talentosa para a m\u00fasica e tem uma voz encantadora. Vive uma vida feliz no Vilarejo dos Sonhos, onde mora com sua av\u00f3 Nina, sua tia Helena e sua m\u00e3e Rebeca, que d\u00e1 muito amor e carinho a filha por ela nunca ter tido um pai, e ela \u00e9 a m\u00e3e biol\u00f3gica das duas garotas, mas nunca soube que teve g\u00eameas.<\/p>\n","protected":false},"excerpt":{"rendered":"<p>Resumo novela \u201cC\u00famplices de um Resgate\u201d 10\/10: no cap\u00edtulo 200(*) da novela, quinta-feira, 10 de outubro, Nina e Fiorina discutem no vilarejo ao separarem as cadeiras para os evang\u00e9licos e cat\u00f3licos assistirem a pe\u00e7a das crian\u00e7as. Isabela conversa com T\u00e9o, por quem est\u00e1 apaixonada. Luiz conta para a esposa que Ot\u00e1vio topou o neg\u00f3cio de [&hellip;]<\/p>\n","protected":false},"author":4,"featured_media":164526,"comment_status":"open","ping_status":"closed","sticky":false,"template":"","format":"standard","meta":{"tdm_status":"","tdm_grid_status":"","footnotes":""},"categories":[379,372,343],"tags":[441],"class_list":{"0":"post-183110","1":"post","2":"type-post","3":"status-publish","4":"format-standard","5":"has-post-thumbnail","7":"category-novelas","8":"category-sbt","9":"category-televisao","10":"tag-resumo-do-dia"},"_links":{"self":[{"href":"https:\/\/migracao.redenoticia.com.br\/noticia\/wp-json\/wp\/v2\/posts\/183110","targetHints":{"allow":["GET"]}}],"collection":[{"href":"https:\/\/migracao.redenoticia.com.br\/noticia\/wp-json\/wp\/v2\/posts"}],"about":[{"href":"https:\/\/migracao.redenoticia.com.br\/noticia\/wp-json\/wp\/v2\/types\/post"}],"author":[{"embeddable":true,"href":"https:\/\/migracao.redenoticia.com.br\/noticia\/wp-json\/wp\/v2\/users\/4"}],"replies":[{"embeddable":true,"href":"https:\/\/migracao.redenoticia.com.br\/noticia\/wp-json\/wp\/v2\/comments?post=183110"}],"version-history":[{"count":0,"href":"https:\/\/migracao.redenoticia.com.br\/noticia\/wp-json\/wp\/v2\/posts\/183110\/revisions"}],"wp:featuredmedia":[{"embeddable":true,"href":"https:\/\/migracao.redenoticia.com.br\/noticia\/wp-json\/wp\/v2\/media\/164526"}],"wp:attachment":[{"href":"https:\/\/migracao.redenoticia.com.br\/noticia\/wp-json\/wp\/v2\/media?parent=183110"}],"wp:term":[{"taxonomy":"category","embeddable":true,"href":"https:\/\/migracao.redenoticia.com.br\/noticia\/wp-json\/wp\/v2\/categories?post=183110"},{"taxonomy":"post_tag","embeddable":true,"href":"https:\/\/migracao.redenoticia.com.br\/noticia\/wp-json\/wp\/v2\/tags?post=183110"}],"curies":[{"name":"wp","href":"https:\/\/api.w.org\/{rel}","templated":true}]}}