{"id":183193,"date":"2019-10-10T23:57:53","date_gmt":"2019-10-11T02:57:53","guid":{"rendered":"https:\/\/www.redenoticia.com.br\/noticia\/?p=183193"},"modified":"2019-10-11T00:08:03","modified_gmt":"2019-10-11T03:08:03","slug":"resumo-novela-abismo-de-paixao-10-10-damiao-confessa-a-elisa-sua-paixao-2","status":"publish","type":"post","link":"https:\/\/migracao.redenoticia.com.br\/noticia\/2019\/resumo-novela-abismo-de-paixao-10-10-damiao-confessa-a-elisa-sua-paixao-2\/183193","title":{"rendered":"Resumo novela \u201cAbismo de Paix\u00e3o\u201d 11\/10: Almerinda e Carmen pensam em se unir"},"content":{"rendered":"<p> <img loading=\"lazy\" decoding=\"async\" class=\"aligncenter size-large wp-image-181127\" src=\"https:\/\/migracao.redenoticia.com.br\/noticia\/imagens\/abismo-de-paixao-sbt-resumo-327x300.jpg\" alt=\"\" width=\"327\" height=\"300\" srcset=\"https:\/\/migracao.redenoticia.com.br\/noticia\/imagens\/abismo-de-paixao-sbt-resumo-327x300.jpg 327w, https:\/\/migracao.redenoticia.com.br\/noticia\/imagens\/abismo-de-paixao-sbt-resumo-204x187.jpg 204w, https:\/\/migracao.redenoticia.com.br\/noticia\/imagens\/abismo-de-paixao-sbt-resumo.jpg 426w\" sizes=\"auto, (max-width: 327px) 100vw, 327px\" \/><\/p>\n<p><strong><em>Resumo da novela \u201cAbismo de Paix\u00e3o\u201d<\/em><\/strong> em 11\/10: no cap\u00edtulo 034(*) da novela, sexta-feira, 11de outubro, Dami\u00e3o diz a Elisa que a ama, e que vai romper seu compromisso com Flor\u00eancia, Elisa responde que n\u00e3o o fa\u00e7a, porque a gente do povoado dir\u00e1 que ela seguiu o exemplo de sua m\u00e3e. Dami\u00e3o a garante que n\u00e3o ir\u00e1 perd\u00ea-la uma segunda vez, e est\u00e1 disposto a lutar contra tudo e com todos por seu amor. Elisa diz a Dolores que Dami\u00e3o a disse que a ama, e lutar\u00e1 at\u00e9 contra o mundo se for necess\u00e1rio, e tudo por seu amor. Dami\u00e3o diz ao Padre Lupe que j\u00e1 confessou a Elisa que a ama, e ela tamb\u00e9m o ama, o Padre diz que isso n\u00e3o o surpreende, mas que eles ter\u00e3o muitos empecilhos, pois Almerinda, Augusto e Gael ir\u00e3o se opor com for\u00e7a a essa rela\u00e7\u00e3o. Dami\u00e3o diz ao Padre que sabe tudo que ele e Elisa ter\u00e3o que enfrentar, e o \u00fanico que o preocupa \u00e9 Gael, pois ele n\u00e3o queria machuc\u00e1-lo.<\/p>\n<p>Dami\u00e3o termina sua rela\u00e7\u00e3o com Flor\u00eancia, ele o suplica que n\u00e3o a deixe, porque ela poderia morrer sem ele. Paulo chama Carmen, e ela se surpreende ao ver chegar Almerinda, que a diz que sabe que ela odeia Elisa, pois a jovem em tudo lembra Estef\u00e2nia. Almerinda e Carmen pensam em se unir para separarem de vez Elisa e Dami\u00e3o. Ramiro prop\u00f5e a Carmen que o d\u00ea a casa onde ela se via com Rog\u00e9rio, em troca das passagens de avi\u00e3o com os nomes dela e de Rog\u00e9rio, que comprovam que quem iria fugir era ela, e n\u00e3o Estef\u00e2nia. Carmen duvida que ele tenha as passagens, e Ramiro as mostra a Carmen. Carmen tenta peg\u00e1-las, mas Ramiro a diz que ela j\u00e1 sabe o pre\u00e7o.<\/p>\n<p>Paulo se surpreende ao ver Kenia, e finge dizendo que sentiu sua falta, ela o esbofeteia, e o revela que est\u00e1 esperando um filho dele, Paulo, covardemente, diz que n\u00e3o ser\u00e1 pai de ningu\u00e9m, e que Kenia busque outro ot\u00e1rio para assumir a crian\u00e7a. Dami\u00e3o procura Elisa e ela o rejeita, ela o diz que entre eles n\u00e3o pode haver nada, Dami\u00e3o a diz que n\u00e3o voltar\u00e1 a desistir dela. Dolores diz a Elisa que lute junte a Dami\u00e3o pelo amor que sentem, Elisa responde que ela tem raz\u00e3o. Flor\u00eancia vai atr\u00e1s de Elisa.<\/p>\n<p>(*) edi\u00e7\u00e3o do SBT, Novela \u201cAbismo de Paix\u00e3o\u201d, sujeito a altera\u00e7\u00e3o de data e conte\u00fado.<\/p>\n<p>&#8220;Abismo de Paix\u00e3o&#8221;- Augusto Casta\u00f1\u00f3n (Alejandro Camacho) e Estef\u00e2nia Bouvier de Casta\u00f1\u00f3n (Ludwika Paleta) s\u00e3o pais de Elisa (Angelique Boyer). Com eles vive Carmen Bouvier (Sabine Moussier), irm\u00e3 mais velha de Estef\u00e2nia e que vai fugir do povoado com Rog\u00e9rio Arango (C\u00e9sar \u00c9vora), esposo de Almerinda Arango (Blanca Guerra) e pai de Dami\u00e3o (David Zepeda), melhor amigo de Elisa. Almerinda descobre e alerta a Augusto.<\/p>\n<p>Por sua parte, Estef\u00e2nia tenta impedir Rog\u00e9rio a n\u00e3o abandonar sua fam\u00edlia, mas devido ao intemp\u00e9rie da chuva, ambos morrem em um acidente de carro. Carmem aproveita o fato para fazer Augusto acreditar que sua esposa era infiel. Augusto, por despeito, casa-se com Carmem, apesar de n\u00e3o estar apaixonado por ela e nem am\u00e1-la. Carmem est\u00e1 gr\u00e1vida de Rog\u00e9rio, mas mente para Augusto, dizendo que o filho \u00e9 dele. <\/p>\n<p>Querendo bater em Elisa, Carmem escorrega e cai na piscina da casa, causando morte s\u00fabita ao beb\u00ea. Por sua parte, Almerinda decide mandar a Dami\u00e3o para fora do povoado a estudar para separ\u00e1-lo de Elisa de quem \u00e9 muito amigo, amizade que ela n\u00e3o v\u00ea com bons olhos, ap\u00f3s inocentemente os dois fugirem juntos.<\/p>\n","protected":false},"excerpt":{"rendered":"<p>Resumo da novela \u201cAbismo de Paix\u00e3o\u201d em 11\/10: no cap\u00edtulo 034(*) da novela, sexta-feira, 11de outubro, Dami\u00e3o diz a Elisa que a ama, e que vai romper seu compromisso com Flor\u00eancia, Elisa responde que n\u00e3o o fa\u00e7a, porque a gente do povoado dir\u00e1 que ela seguiu o exemplo de sua m\u00e3e. Dami\u00e3o a garante que [&hellip;]<\/p>\n","protected":false},"author":2,"featured_media":181126,"comment_status":"open","ping_status":"closed","sticky":false,"template":"","format":"standard","meta":{"tdm_status":"","tdm_grid_status":"","footnotes":""},"categories":[379,372,343],"tags":[441],"class_list":{"0":"post-183193","1":"post","2":"type-post","3":"status-publish","4":"format-standard","5":"has-post-thumbnail","7":"category-novelas","8":"category-sbt","9":"category-televisao","10":"tag-resumo-do-dia"},"_links":{"self":[{"href":"https:\/\/migracao.redenoticia.com.br\/noticia\/wp-json\/wp\/v2\/posts\/183193","targetHints":{"allow":["GET"]}}],"collection":[{"href":"https:\/\/migracao.redenoticia.com.br\/noticia\/wp-json\/wp\/v2\/posts"}],"about":[{"href":"https:\/\/migracao.redenoticia.com.br\/noticia\/wp-json\/wp\/v2\/types\/post"}],"author":[{"embeddable":true,"href":"https:\/\/migracao.redenoticia.com.br\/noticia\/wp-json\/wp\/v2\/users\/2"}],"replies":[{"embeddable":true,"href":"https:\/\/migracao.redenoticia.com.br\/noticia\/wp-json\/wp\/v2\/comments?post=183193"}],"version-history":[{"count":0,"href":"https:\/\/migracao.redenoticia.com.br\/noticia\/wp-json\/wp\/v2\/posts\/183193\/revisions"}],"wp:featuredmedia":[{"embeddable":true,"href":"https:\/\/migracao.redenoticia.com.br\/noticia\/wp-json\/wp\/v2\/media\/181126"}],"wp:attachment":[{"href":"https:\/\/migracao.redenoticia.com.br\/noticia\/wp-json\/wp\/v2\/media?parent=183193"}],"wp:term":[{"taxonomy":"category","embeddable":true,"href":"https:\/\/migracao.redenoticia.com.br\/noticia\/wp-json\/wp\/v2\/categories?post=183193"},{"taxonomy":"post_tag","embeddable":true,"href":"https:\/\/migracao.redenoticia.com.br\/noticia\/wp-json\/wp\/v2\/tags?post=183193"}],"curies":[{"name":"wp","href":"https:\/\/api.w.org\/{rel}","templated":true}]}}