{"id":183197,"date":"2019-10-10T23:59:34","date_gmt":"2019-10-11T02:59:34","guid":{"rendered":"https:\/\/www.redenoticia.com.br\/noticia\/?p=183197"},"modified":"2019-10-11T00:09:31","modified_gmt":"2019-10-11T03:09:31","slug":"resumo-novela-as-aventuras-de-poliana-10-10-gabi-chantageia-vini-2","status":"publish","type":"post","link":"https:\/\/migracao.redenoticia.com.br\/noticia\/2019\/resumo-novela-as-aventuras-de-poliana-10-10-gabi-chantageia-vini-2\/183197","title":{"rendered":"Resumo novela \u201cAs Aventuras de Poliana\u201d 11\/10: Filipa demonstra interesse por Jo\u00e3o"},"content":{"rendered":"<p> <img loading=\"lazy\" decoding=\"async\" class=\"aligncenter size-large wp-image-148662\" src=\"https:\/\/migracao.redenoticia.com.br\/noticia\/imagens\/as-aventuras-de-poliana-novela-400x267.jpg\" alt=\"\" width=\"400\" height=\"267\" srcset=\"https:\/\/migracao.redenoticia.com.br\/noticia\/imagens\/as-aventuras-de-poliana-novela-400x267.jpg 400w, https:\/\/migracao.redenoticia.com.br\/noticia\/imagens\/as-aventuras-de-poliana-novela-250x167.jpg 250w, https:\/\/migracao.redenoticia.com.br\/noticia\/imagens\/as-aventuras-de-poliana-novela-150x100.jpg 150w, https:\/\/migracao.redenoticia.com.br\/noticia\/imagens\/as-aventuras-de-poliana-novela.jpg 600w\" sizes=\"auto, (max-width: 400px) 100vw, 400px\" \/><\/p>\n<p><strong><em>Resumo novela \u201cAs Aventuras de Poliana\u201d 11\/10<\/em><\/strong>: no cap\u00edtulo 368(*) da novela, sexta-feira, 11de outubro, Roger conta a Filipa que levou Sara para o conserto. Atrav\u00e9s do projeto \u201cSOS Dog\u201d do CLP, Ver\u00f4nica encontra Feij\u00e3o. Guilherme e Raquel v\u00e3o at\u00e9 a casa de Pendleton para encontrar solu\u00e7\u00f5es tecnol\u00f3gicas que ajudem Gl\u00f3ria no tratamento do Alzheimer. O ex marido de Cl\u00e1udia volta para a cidade para ficar mais pr\u00f3ximo de seus filhos, Durval come\u00e7a a se incomodar com a proximidade. Filipa reconhece Feij\u00e3o e o leva de volta para a casa de Jo\u00e3o.<\/p>\n<p>Guilherme e Raquel se aproximam cada vez mais. Roger tenta convencer Gl\u00f3ria a parar de trabalhar e deixar ele tomar conta de suas finan\u00e7as. Filipa come\u00e7a a demonstrar interesse por Jo\u00e3o. Marcelo e Luisa cogitam a possibilidade de morar em uma cidade mais tranquila com Poliana e Jo\u00e3o. Ester come\u00e7a a perceber diferen\u00e7as entre elas e seus amigos e faz perguntas a Pendleton sobre o assunto. Poliana e Raquel tentam convencer Lorena a aceitar a entrada de Ester no Clubinho.<\/p>\n<p>(*) edi\u00e7\u00e3o do SBT, Novela \u201cAs Aventuras de Poliana\u201d, sujeito a altera\u00e7\u00e3o de data e conte\u00fado.<\/p>\n<p>\u201cAs Aventuras de Poliana\u201d &#8211; Poliana \u00e9 uma menina extrovertida e de bom cora\u00e7\u00e3o que viajava o Brasil com seus pais, Lorenzo e Alice, no grupo circense Trupe Vagalume. Aos onze anos a garota v\u00ea seu mundo desabar quando seus pais falecem e ela tem que ir morar em S\u00e3o Paulo com sua tia Lu\u00edsa, uma mulher rica e severa, a qual ela n\u00e3o conhecia e que n\u00e3o queria cuidar dela, embora sinta que \u00e9 sua obriga\u00e7\u00e3o pela alma de sua irm\u00e3. <\/p>\n<p>Apesar do jeito da rigidez da tia, Poliana decide ter uma vis\u00e3o positiva e inabal\u00e1vel da vida, mesmo nos momentos de dificuldade, tentando levar um pouco de felicidade para a vida de cada um dos seus novos amigos e vizinhos, como o Sr. Pendleton, um homem rico e infeliz por nunca ter tido filhos. Ela vai estudar no col\u00e9gio de Ruth, uma diretora de bom cora\u00e7\u00e3o que a ajuda a se adaptar, mas tem que lidar com as vilanias de Mirela, garota mais velha que n\u00e3o aceita perder a popularidade para uma novata.<\/p>\n","protected":false},"excerpt":{"rendered":"<p>Resumo novela \u201cAs Aventuras de Poliana\u201d 11\/10: no cap\u00edtulo 368(*) da novela, sexta-feira, 11de outubro, Roger conta a Filipa que levou Sara para o conserto. Atrav\u00e9s do projeto \u201cSOS Dog\u201d do CLP, Ver\u00f4nica encontra Feij\u00e3o. Guilherme e Raquel v\u00e3o at\u00e9 a casa de Pendleton para encontrar solu\u00e7\u00f5es tecnol\u00f3gicas que ajudem Gl\u00f3ria no tratamento do Alzheimer. [&hellip;]<\/p>\n","protected":false},"author":2,"featured_media":148663,"comment_status":"open","ping_status":"closed","sticky":false,"template":"","format":"standard","meta":{"tdm_status":"","tdm_grid_status":"","footnotes":""},"categories":[477,379,372,343],"tags":[441],"class_list":{"0":"post-183197","1":"post","2":"type-post","3":"status-publish","4":"format-standard","5":"has-post-thumbnail","7":"category-as-aventuras-de-poliana","8":"category-novelas","9":"category-sbt","10":"category-televisao","11":"tag-resumo-do-dia"},"_links":{"self":[{"href":"https:\/\/migracao.redenoticia.com.br\/noticia\/wp-json\/wp\/v2\/posts\/183197","targetHints":{"allow":["GET"]}}],"collection":[{"href":"https:\/\/migracao.redenoticia.com.br\/noticia\/wp-json\/wp\/v2\/posts"}],"about":[{"href":"https:\/\/migracao.redenoticia.com.br\/noticia\/wp-json\/wp\/v2\/types\/post"}],"author":[{"embeddable":true,"href":"https:\/\/migracao.redenoticia.com.br\/noticia\/wp-json\/wp\/v2\/users\/2"}],"replies":[{"embeddable":true,"href":"https:\/\/migracao.redenoticia.com.br\/noticia\/wp-json\/wp\/v2\/comments?post=183197"}],"version-history":[{"count":0,"href":"https:\/\/migracao.redenoticia.com.br\/noticia\/wp-json\/wp\/v2\/posts\/183197\/revisions"}],"wp:featuredmedia":[{"embeddable":true,"href":"https:\/\/migracao.redenoticia.com.br\/noticia\/wp-json\/wp\/v2\/media\/148663"}],"wp:attachment":[{"href":"https:\/\/migracao.redenoticia.com.br\/noticia\/wp-json\/wp\/v2\/media?parent=183197"}],"wp:term":[{"taxonomy":"category","embeddable":true,"href":"https:\/\/migracao.redenoticia.com.br\/noticia\/wp-json\/wp\/v2\/categories?post=183197"},{"taxonomy":"post_tag","embeddable":true,"href":"https:\/\/migracao.redenoticia.com.br\/noticia\/wp-json\/wp\/v2\/tags?post=183197"}],"curies":[{"name":"wp","href":"https:\/\/api.w.org\/{rel}","templated":true}]}}