{"id":183269,"date":"2019-10-14T19:25:46","date_gmt":"2019-10-14T22:25:46","guid":{"rendered":"https:\/\/www.redenoticia.com.br\/noticia\/?p=183269"},"modified":"2019-10-14T20:01:57","modified_gmt":"2019-10-14T23:01:57","slug":"novela-avenida-brasil-monalisa-decide-deixar-o-rio-de-janeiro","status":"publish","type":"post","link":"https:\/\/migracao.redenoticia.com.br\/noticia\/2019\/novela-avenida-brasil-monalisa-decide-deixar-o-rio-de-janeiro\/183269","title":{"rendered":"Novela \u201cAvenida Brasil\u201d: Monalisa decide deixar o Rio de Janeiro"},"content":{"rendered":"<p><img loading=\"lazy\" decoding=\"async\" src=\"https:\/\/migracao.redenoticia.com.br\/noticia\/imagens\/avenida-brasil-resumo-capitulo-01-348x300.jpg\" alt=\"\" width=\"348\" height=\"300\" class=\"aligncenter size-large wp-image-182543\" srcset=\"https:\/\/migracao.redenoticia.com.br\/noticia\/imagens\/avenida-brasil-resumo-capitulo-01-348x300.jpg 348w, https:\/\/migracao.redenoticia.com.br\/noticia\/imagens\/avenida-brasil-resumo-capitulo-01-217x187.jpg 217w, https:\/\/migracao.redenoticia.com.br\/noticia\/imagens\/avenida-brasil-resumo-capitulo-01-534x462.jpg 534w, https:\/\/migracao.redenoticia.com.br\/noticia\/imagens\/avenida-brasil-resumo-capitulo-01.jpg 590w\" sizes=\"auto, (max-width: 348px) 100vw, 348px\" \/> <strong><em>Novela \u201cAvenida Brasil\u201d:<\/em><\/strong> Depois de se decepcionar com Tuf\u00e3o (Murilo Ben\u00edcio) e terminar o noivado, Monalisa (Helo\u00edsa P\u00e9riss\u00e9) come\u00e7a a guardar todos seus pertences do sal\u00e3o, decidida a ir embora. A tia tenta acalm\u00e1-la e lembra que ela est\u00e1 gr\u00e1vida. Mas Monalisa est\u00e1 determinada: \u201cEle me traiu, tia D\u00e9a! N\u00e3o. Eu vou ter esse filho sozinha, na Para\u00edba\u201d, garante ela, sem ter contado a novidade para o ex-noivo.<\/p>\n<p>Olenka (Fab\u00edula Nascimento) chega e fica surpresa ao saber que a amiga est\u00e1 voltando para casa. Ela insiste para Monalisa pensar bem, afinal vai deixar para tr\u00e1s tudo que construiu. Mas a cabeleireira nem d\u00e1 ouvidos: \u201cEu vou embora com a minha gente, pra bem longe dessa falsidade. Onde j\u00e1 se viu, o homem jura que te ama e se esfrega na vi\u00fava de um defunto que ainda nem esfriou? L\u00e1 na Para\u00edba, de cabe\u00e7a fria, eu decido se volto ou n\u00e3o. Mas agora o mundo pode cair, que eu t\u00f4 indo.\u201d<\/p>\n<p>Depois que Monalisa sai com sua fam\u00edlia, Tuf\u00e3o chega \u00e0 sua procura. Olenka avisa que ela partiu de mala e cuia, para desespero do jogador. Cena prevista para outubro na novela \u201cAvenida Brasil\u201d.<\/p>\n<p>\u201cAvenida Brasil\u201d: a hist\u00f3ria de uma jovem que, desde os 11 anos, planeja um acerto de contas com a madrasta. Rita (Mel Maia), \u00f3rf\u00e3 de m\u00e3e, era criada, com muito amor, pelo pai Gen\u00e9sio (Tony Ramos). Tudo muda quando ele se casa com Carmen L\u00facia, a Carminha (Adriana Esteves), uma mulher ambiciosa e dissimulada. Com Gen\u00e9sio, ela se passava por esposa doce e dedicada; com Rita, era uma madrasta m\u00e1.<\/p>\n<p>A menina entra em desespero ao descobrir, ap\u00f3s ouvir uma conversa da madrasta ao telefone, que Carminha est\u00e1 armando um golpe contra seu pai: ele ser\u00e1 abordado na sa\u00edda do banco, logo ap\u00f3s receber o pagamento pela venda da casa onde mora com a filha e a nova esposa.<\/p>\n","protected":false},"excerpt":{"rendered":"<p>Novela \u201cAvenida Brasil\u201d: Depois de se decepcionar com Tuf\u00e3o (Murilo Ben\u00edcio) e terminar o noivado, Monalisa (Helo\u00edsa P\u00e9riss\u00e9) come\u00e7a a guardar todos seus pertences do sal\u00e3o, decidida a ir embora. A tia tenta acalm\u00e1-la e lembra que ela est\u00e1 gr\u00e1vida. Mas Monalisa est\u00e1 determinada: \u201cEle me traiu, tia D\u00e9a! N\u00e3o. Eu vou ter esse filho [&hellip;]<\/p>\n","protected":false},"author":2,"featured_media":182544,"comment_status":"open","ping_status":"closed","sticky":false,"template":"","format":"standard","meta":{"tdm_status":"","tdm_grid_status":"","footnotes":""},"categories":[549,388,379,375,343],"tags":[440],"class_list":{"0":"post-183269","1":"post","2":"type-post","3":"status-publish","4":"format-standard","5":"has-post-thumbnail","7":"category-avenida-brasil","8":"category-destaques","9":"category-novelas","10":"category-rede-globo","11":"category-televisao","12":"tag-noticia-novela"},"_links":{"self":[{"href":"https:\/\/migracao.redenoticia.com.br\/noticia\/wp-json\/wp\/v2\/posts\/183269","targetHints":{"allow":["GET"]}}],"collection":[{"href":"https:\/\/migracao.redenoticia.com.br\/noticia\/wp-json\/wp\/v2\/posts"}],"about":[{"href":"https:\/\/migracao.redenoticia.com.br\/noticia\/wp-json\/wp\/v2\/types\/post"}],"author":[{"embeddable":true,"href":"https:\/\/migracao.redenoticia.com.br\/noticia\/wp-json\/wp\/v2\/users\/2"}],"replies":[{"embeddable":true,"href":"https:\/\/migracao.redenoticia.com.br\/noticia\/wp-json\/wp\/v2\/comments?post=183269"}],"version-history":[{"count":0,"href":"https:\/\/migracao.redenoticia.com.br\/noticia\/wp-json\/wp\/v2\/posts\/183269\/revisions"}],"wp:featuredmedia":[{"embeddable":true,"href":"https:\/\/migracao.redenoticia.com.br\/noticia\/wp-json\/wp\/v2\/media\/182544"}],"wp:attachment":[{"href":"https:\/\/migracao.redenoticia.com.br\/noticia\/wp-json\/wp\/v2\/media?parent=183269"}],"wp:term":[{"taxonomy":"category","embeddable":true,"href":"https:\/\/migracao.redenoticia.com.br\/noticia\/wp-json\/wp\/v2\/categories?post=183269"},{"taxonomy":"post_tag","embeddable":true,"href":"https:\/\/migracao.redenoticia.com.br\/noticia\/wp-json\/wp\/v2\/tags?post=183269"}],"curies":[{"name":"wp","href":"https:\/\/api.w.org\/{rel}","templated":true}]}}