{"id":183276,"date":"2019-10-14T12:13:21","date_gmt":"2019-10-14T15:13:21","guid":{"rendered":"https:\/\/www.redenoticia.com.br\/noticia\/?p=183276"},"modified":"2019-10-14T12:13:21","modified_gmt":"2019-10-14T15:13:21","slug":"resumo-novela-abismo-de-paixao-15-10-damiao-acredita-que-elisa-esteja-gravida","status":"publish","type":"post","link":"https:\/\/migracao.redenoticia.com.br\/noticia\/2019\/resumo-novela-abismo-de-paixao-15-10-damiao-acredita-que-elisa-esteja-gravida\/183276","title":{"rendered":"Resumo novela \u201cAbismo de Paix\u00e3o\u201d 15\/10: Dami\u00e3o acredita que Elisa esteja gr\u00e1vida"},"content":{"rendered":"<p><img loading=\"lazy\" decoding=\"async\" class=\"aligncenter size-large wp-image-181127\" src=\"https:\/\/migracao.redenoticia.com.br\/noticia\/imagens\/abismo-de-paixao-sbt-resumo-327x300.jpg\" alt=\"\" width=\"327\" height=\"300\" srcset=\"https:\/\/migracao.redenoticia.com.br\/noticia\/imagens\/abismo-de-paixao-sbt-resumo-327x300.jpg 327w, https:\/\/migracao.redenoticia.com.br\/noticia\/imagens\/abismo-de-paixao-sbt-resumo-204x187.jpg 204w, https:\/\/migracao.redenoticia.com.br\/noticia\/imagens\/abismo-de-paixao-sbt-resumo.jpg 426w\" sizes=\"auto, (max-width: 327px) 100vw, 327px\" \/><\/p>\n<p><strong><em>Resumo da novela \u201cAbismo de Paix\u00e3o\u201d<\/em><\/strong> em 15\/10: no cap\u00edtulo 036(*) da novela, ter\u00e7a-feira, 15 de outubro, Almerinda diz a Paulo que sabe que ele pouco se interessa por seu trabalho na processadora, e o melhor seria que ele voltasse para a capital. Paulo tenta convence-la que na verdade deseja trabalhar, e Almerinda o responde que n\u00e3o nasceu ontem, e sabe que ele s\u00f3 quer seguir ali por manter esperan\u00e7as de estar com Elisa, mas que n\u00e3o precisa ser muito inteligente para saber que ela nunca ter\u00e1 nada com ele, e que na verdade ele est\u00e1 se escondendo de Kenia, e como j\u00e1 foi descoberto por ela, o melhor seria que voltasse para a capital. Elisa pede a Lucio que a leve ao lugar do acidente onde morreu sua m\u00e3e, e o questiona porque se sua m\u00e3e estava fugindo da cidade, o acidente ocorreu do lado contr\u00e1rio da pista, como se ela estivesse voltando.<\/p>\n<p>Lucio a responde que neste dia estava chovendo muito, Elisa o confessa que sempre achou essa hist\u00f3ria muito estranha. Carmen chama Paulo para dizer lhe que ele \u00e9 pouco homem por ter mandado Almerinda para resolver seus problemas. Ao ver Dami\u00e3o, Elisa o diz que se Augusto descobrir que eles tem se visto, ter\u00e3o graves problemas. Dami\u00e3o a responde que n\u00e3o vai se esconder nem de Augusto, nem de ningu\u00e9m, e se ela tamb\u00e9m n\u00e3o estiver disposta a lutar junto a ele, \u00e9 porque na verdade n\u00e3o o ama. Justamente nesta hora, Carmen aparece com um teste de gravidez, dizendo que \u00e9 de Elisa, Dami\u00e3o exige que Elisa o de uma explica\u00e7\u00e3o, Elisa o responde que n\u00e3o tem explica\u00e7\u00e3o nenhuma, e que n\u00e3o quer voltar mais a v\u00ea-lo. Dami\u00e3o diz a Elisa se \u00e9 isso que ela quer, ele far\u00e1 com gosto. Dolores pergunta a Elisa de quem \u00e9 esse teste de gravidez, Elisa responde, chorando, que \u00e9 de Flor\u00eancia, a noiva de Dami\u00e3o.<\/p>\n<p>Almerinda recrimina Flor\u00eancia por estar tentando seduzir Dami\u00e3o, e a diz que ela \u00e9 uma mo\u00e7a de fam\u00edlia, e n\u00e3o pode se comportar como Elisa, e que se de fato quer estar com Dami\u00e3o, tem que se comportar como uma mulher decente. Augusto, furioso, maltrata Elisa e a insulta. Elisa chorando diz que o teste n\u00e3o \u00e9 dela, Carmen, c\u00ednica, diz que encontrou o teste no quarto da garota. Elisa diz a Augusto que se ainda tem d\u00favidas, que leve o teste ao consult\u00f3rio do Dr. Edmundo, para que ele o revise, Dolores o diz que pode o acompanhar. Paulo procura Carmen e diz que vai provar lhe que n\u00e3o precisa de ningu\u00e9m, ele a beija, Carmen finge indigna\u00e7\u00e3o, o esbofeteia e expulsa de sua casa.<\/p>\n<p>Edmundo diz a Augusto que Elisa n\u00e3o est\u00e1 gr\u00e1vida, e que por ser seu m\u00e9dico, sabe que ela nunca teve rela\u00e7\u00f5es sexuais. Augusto diz a Carmen que Elisa n\u00e3o est\u00e1 gr\u00e1vida, Carmen o responde que talvez o teste seja de Flor\u00eancia, porque ela foi a \u00fanica mulher que visitou Elisa, e talvez tenha mostrado a Elisa estar gr\u00e1vida de Dami\u00e3o, para que ela se afaste de uma vez por todas dele. Paloma diz a Dami\u00e3o que o teste de gravidez \u00e9 de Flor\u00eancia. Dami\u00e3o pede a Flor\u00eancia que marque uma consulta com o m\u00e9dico, pois \u00e9 muito estranho que ela e Kenia estejam gr\u00e1vidas ao mesmo tempo.<\/p>\n<p>(*) edi\u00e7\u00e3o do SBT, Novela \u201cAbismo de Paix\u00e3o\u201d, sujeito a altera\u00e7\u00e3o de data e conte\u00fado.<\/p>\n<p>&#8220;Abismo de Paix\u00e3o&#8221;- Augusto Casta\u00f1\u00f3n (Alejandro Camacho) e Estef\u00e2nia Bouvier de Casta\u00f1\u00f3n (Ludwika Paleta) s\u00e3o pais de Elisa (Angelique Boyer). Com eles vive Carmen Bouvier (Sabine Moussier), irm\u00e3 mais velha de Estef\u00e2nia e que vai fugir do povoado com Rog\u00e9rio Arango (C\u00e9sar \u00c9vora), esposo de Almerinda Arango (Blanca Guerra) e pai de Dami\u00e3o (David Zepeda), melhor amigo de Elisa. Almerinda descobre e alerta a Augusto.<\/p>\n<p>Por sua parte, Estef\u00e2nia tenta impedir Rog\u00e9rio a n\u00e3o abandonar sua fam\u00edlia, mas devido ao intemp\u00e9rie da chuva, ambos morrem em um acidente de carro. Carmem aproveita o fato para fazer Augusto acreditar que sua esposa era infiel. Augusto, por despeito, casa-se com Carmem, apesar de n\u00e3o estar apaixonado por ela e nem am\u00e1-la. Carmem est\u00e1 gr\u00e1vida de Rog\u00e9rio, mas mente para Augusto, dizendo que o filho \u00e9 dele. <\/p>\n<p>Querendo bater em Elisa, Carmem escorrega e cai na piscina da casa, causando morte s\u00fabita ao beb\u00ea. Por sua parte, Almerinda decide mandar a Dami\u00e3o para fora do povoado a estudar para separ\u00e1-lo de Elisa de quem \u00e9 muito amigo, amizade que ela n\u00e3o v\u00ea com bons olhos, ap\u00f3s inocentemente os dois fugirem juntos.<\/p>\n","protected":false},"excerpt":{"rendered":"<p>Resumo da novela \u201cAbismo de Paix\u00e3o\u201d em 15\/10: no cap\u00edtulo 036(*) da novela, ter\u00e7a-feira, 15 de outubro, Almerinda diz a Paulo que sabe que ele pouco se interessa por seu trabalho na processadora, e o melhor seria que ele voltasse para a capital. Paulo tenta convence-la que na verdade deseja trabalhar, e Almerinda o responde [&hellip;]<\/p>\n","protected":false},"author":4,"featured_media":181126,"comment_status":"open","ping_status":"closed","sticky":false,"template":"","format":"standard","meta":{"tdm_status":"","tdm_grid_status":"","footnotes":""},"categories":[379,372,343],"tags":[441],"class_list":{"0":"post-183276","1":"post","2":"type-post","3":"status-publish","4":"format-standard","5":"has-post-thumbnail","7":"category-novelas","8":"category-sbt","9":"category-televisao","10":"tag-resumo-do-dia"},"_links":{"self":[{"href":"https:\/\/migracao.redenoticia.com.br\/noticia\/wp-json\/wp\/v2\/posts\/183276","targetHints":{"allow":["GET"]}}],"collection":[{"href":"https:\/\/migracao.redenoticia.com.br\/noticia\/wp-json\/wp\/v2\/posts"}],"about":[{"href":"https:\/\/migracao.redenoticia.com.br\/noticia\/wp-json\/wp\/v2\/types\/post"}],"author":[{"embeddable":true,"href":"https:\/\/migracao.redenoticia.com.br\/noticia\/wp-json\/wp\/v2\/users\/4"}],"replies":[{"embeddable":true,"href":"https:\/\/migracao.redenoticia.com.br\/noticia\/wp-json\/wp\/v2\/comments?post=183276"}],"version-history":[{"count":0,"href":"https:\/\/migracao.redenoticia.com.br\/noticia\/wp-json\/wp\/v2\/posts\/183276\/revisions"}],"wp:featuredmedia":[{"embeddable":true,"href":"https:\/\/migracao.redenoticia.com.br\/noticia\/wp-json\/wp\/v2\/media\/181126"}],"wp:attachment":[{"href":"https:\/\/migracao.redenoticia.com.br\/noticia\/wp-json\/wp\/v2\/media?parent=183276"}],"wp:term":[{"taxonomy":"category","embeddable":true,"href":"https:\/\/migracao.redenoticia.com.br\/noticia\/wp-json\/wp\/v2\/categories?post=183276"},{"taxonomy":"post_tag","embeddable":true,"href":"https:\/\/migracao.redenoticia.com.br\/noticia\/wp-json\/wp\/v2\/tags?post=183276"}],"curies":[{"name":"wp","href":"https:\/\/api.w.org\/{rel}","templated":true}]}}