{"id":183278,"date":"2019-10-14T12:18:37","date_gmt":"2019-10-14T15:18:37","guid":{"rendered":"https:\/\/www.redenoticia.com.br\/noticia\/?p=183278"},"modified":"2019-10-14T12:18:37","modified_gmt":"2019-10-14T15:18:37","slug":"resumo-novela-a-que-nao-podia-amar-15-10-rogerio-descobre-sobre-cintia-e-elias","status":"publish","type":"post","link":"https:\/\/migracao.redenoticia.com.br\/noticia\/2019\/resumo-novela-a-que-nao-podia-amar-15-10-rogerio-descobre-sobre-cintia-e-elias\/183278","title":{"rendered":"Resumo novela \u201cA Que N\u00e3o Podia Amar\u201d 15\/10: Rog\u00e9rio descobre sobre C\u00edntia e Elias"},"content":{"rendered":"<p><img loading=\"lazy\" decoding=\"async\" class=\"aligncenter size-large wp-image-173635\" src=\"https:\/\/migracao.redenoticia.com.br\/noticia\/imagens\/a-que-nao-podia-amar-400x271.jpg\" alt=\"\" width=\"400\" height=\"271\" srcset=\"https:\/\/migracao.redenoticia.com.br\/noticia\/imagens\/a-que-nao-podia-amar-400x271.jpg 400w, https:\/\/migracao.redenoticia.com.br\/noticia\/imagens\/a-que-nao-podia-amar-250x169.jpg 250w, https:\/\/migracao.redenoticia.com.br\/noticia\/imagens\/a-que-nao-podia-amar-560x379.jpg 560w, https:\/\/migracao.redenoticia.com.br\/noticia\/imagens\/a-que-nao-podia-amar.jpg 620w\" sizes=\"auto, (max-width: 400px) 100vw, 400px\" \/><\/p>\n<p><strong><em>Resumo da novela \u201cA Que N\u00e3o Podia Amar\u201d<\/em><\/strong> em 15\/10: no cap\u00edtulo 137(*) da novela, ter\u00e7a-feira, 15 de outubro, furioso, Gustavo comenta com Maria que Elias anda dizendo que ele \u00e9 o pai da filha de C\u00edntia. Por outro lado, Rog\u00e9rio d\u00e1 uma prova de amor para Ana Paula ao romper o contrato que a uniu com ele no in\u00edcio, com o objetivo de que a amada se sinta em completa liberdade.<\/p>\n<p>Enquanto isso, Elias procura Bruno para que o ajude a conseguir o exame de DNA que precisa para comprovar que ele \u00e9 o verdadeiro pai da beb\u00ea. Mais tarde, Gustavo est\u00e1 prestes a dizer a Rog\u00e9rio o que acontece com Elias, quando neste instante o capataz entra para confessar que \u00e9 o pai da filha de C\u00edntia. Rog\u00e9rio enfrenta C\u00edntia, a recriminando por t\u00ea-lo enganado ao manter uma rela\u00e7\u00e3o com Elias em suas costas.<\/p>\n<p>(*) edi\u00e7\u00e3o do SBT, Novela \u201cA Que N\u00e3o Podia Amar\u201d, sujeito a altera\u00e7\u00e3o de data e conte\u00fado.<\/p>\n<p>&#8220;A Que N\u00e3o Podia Amar&#8221;- Ana Paula, uma enfermeira humilde que se v\u00ea obrigada a trabalhar na casa de Rog\u00e9rio Montero (Jorge Salinas), um homem amargurado. Rog\u00e9rio sofre por ser parapl\u00e9gico e destrata todas as pessoas. Ana Paula atura tudo calada e o rica\u00e7o se apaixona por ela.<\/p>\n<p>Ana conhece Gustavo Duran (Jos\u00e9 Ron), um engenheiro nobre e trabalhador. Os dois se apaixonam, mas ter\u00e3o de enfrentar Rog\u00e9rio, j\u00e1 que ele tamb\u00e9m gosta da mocinha, formando assim, um tri\u00e2ngulo amoroso com terr\u00edveis consequ\u00eancias.<\/p>\n","protected":false},"excerpt":{"rendered":"<p>Resumo da novela \u201cA Que N\u00e3o Podia Amar\u201d em 15\/10: no cap\u00edtulo 137(*) da novela, ter\u00e7a-feira, 15 de outubro, furioso, Gustavo comenta com Maria que Elias anda dizendo que ele \u00e9 o pai da filha de C\u00edntia. Por outro lado, Rog\u00e9rio d\u00e1 uma prova de amor para Ana Paula ao romper o contrato que a [&hellip;]<\/p>\n","protected":false},"author":4,"featured_media":173627,"comment_status":"open","ping_status":"closed","sticky":false,"template":"","format":"standard","meta":{"tdm_status":"","tdm_grid_status":"","footnotes":""},"categories":[379,372,343],"tags":[441],"class_list":{"0":"post-183278","1":"post","2":"type-post","3":"status-publish","4":"format-standard","5":"has-post-thumbnail","7":"category-novelas","8":"category-sbt","9":"category-televisao","10":"tag-resumo-do-dia"},"_links":{"self":[{"href":"https:\/\/migracao.redenoticia.com.br\/noticia\/wp-json\/wp\/v2\/posts\/183278","targetHints":{"allow":["GET"]}}],"collection":[{"href":"https:\/\/migracao.redenoticia.com.br\/noticia\/wp-json\/wp\/v2\/posts"}],"about":[{"href":"https:\/\/migracao.redenoticia.com.br\/noticia\/wp-json\/wp\/v2\/types\/post"}],"author":[{"embeddable":true,"href":"https:\/\/migracao.redenoticia.com.br\/noticia\/wp-json\/wp\/v2\/users\/4"}],"replies":[{"embeddable":true,"href":"https:\/\/migracao.redenoticia.com.br\/noticia\/wp-json\/wp\/v2\/comments?post=183278"}],"version-history":[{"count":0,"href":"https:\/\/migracao.redenoticia.com.br\/noticia\/wp-json\/wp\/v2\/posts\/183278\/revisions"}],"wp:featuredmedia":[{"embeddable":true,"href":"https:\/\/migracao.redenoticia.com.br\/noticia\/wp-json\/wp\/v2\/media\/173627"}],"wp:attachment":[{"href":"https:\/\/migracao.redenoticia.com.br\/noticia\/wp-json\/wp\/v2\/media?parent=183278"}],"wp:term":[{"taxonomy":"category","embeddable":true,"href":"https:\/\/migracao.redenoticia.com.br\/noticia\/wp-json\/wp\/v2\/categories?post=183278"},{"taxonomy":"post_tag","embeddable":true,"href":"https:\/\/migracao.redenoticia.com.br\/noticia\/wp-json\/wp\/v2\/tags?post=183278"}],"curies":[{"name":"wp","href":"https:\/\/api.w.org\/{rel}","templated":true}]}}