{"id":183335,"date":"2019-10-15T17:34:34","date_gmt":"2019-10-15T20:34:34","guid":{"rendered":"https:\/\/www.redenoticia.com.br\/noticia\/?p=183335"},"modified":"2019-10-15T17:34:34","modified_gmt":"2019-10-15T20:34:34","slug":"resumo-novela-abismo-de-paixao-16-10-damiao-descobre-segredo-de-florencia","status":"publish","type":"post","link":"https:\/\/migracao.redenoticia.com.br\/noticia\/2019\/resumo-novela-abismo-de-paixao-16-10-damiao-descobre-segredo-de-florencia\/183335","title":{"rendered":"Resumo novela \u201cAbismo de Paix\u00e3o\u201d 16\/10: Dami\u00e3o descobre segredo de Flor\u00eancia"},"content":{"rendered":"<p> <img loading=\"lazy\" decoding=\"async\" class=\"aligncenter size-large wp-image-181127\" src=\"https:\/\/migracao.redenoticia.com.br\/noticia\/imagens\/abismo-de-paixao-sbt-resumo-327x300.jpg\" alt=\"\" width=\"327\" height=\"300\" srcset=\"https:\/\/migracao.redenoticia.com.br\/noticia\/imagens\/abismo-de-paixao-sbt-resumo-327x300.jpg 327w, https:\/\/migracao.redenoticia.com.br\/noticia\/imagens\/abismo-de-paixao-sbt-resumo-204x187.jpg 204w, https:\/\/migracao.redenoticia.com.br\/noticia\/imagens\/abismo-de-paixao-sbt-resumo.jpg 426w\" sizes=\"auto, (max-width: 327px) 100vw, 327px\" \/><\/p>\n<p><strong><em>Resumo da novela \u201cAbismo de Paix\u00e3o\u201d<\/em><\/strong> em 16\/10: no cap\u00edtulo 037(*) da novela, quarta-feira, 16 de outubro, Edmundo diz a Kenia que ela perdeu o beb\u00ea, mas ficar\u00e1 bem. Bet\u00e2nia parabeniza Dami\u00e3o e Flor\u00eancia, j\u00e1 que acredita que eles ser\u00e3o papais. O Padre Lupe diz a Dami\u00e3o que Almerinda foi v\u00ea-lo para que ele a ajudasse a convenc\u00ea-lo a n\u00e3o terminar a rela\u00e7\u00e3o com Flor\u00eancia. Dami\u00e3o pede ao Padre que diga a sua m\u00e3e para n\u00e3o se preocupar, pois ele e Elisa n\u00e3o chegar\u00e3o a nada, pois a mesmo o pediu para n\u00e3o mais busc\u00e1-la, e ele estava disposto a mandar tudo para o espa\u00e7o por ela, mas um filho, jamais e Flor\u00eancia est\u00e1 gr\u00e1vida, e por isso ir\u00e1 se casar com ela. Carmen procura Almerinda para dizer lhe que agora \u00e9 sua fam\u00edlia que anda na boca do povo.<\/p>\n<p>Kenia agradece Gael por ter salvado sua vida, e pergunta o seu nome, quando ele se apresenta, ela pensa o quanto deve ser bom ter um irm\u00e3o. Augusto pede perd\u00e3o a Elisa por novamente ter duvidado dela, e que Carmen depois o disse que o teste de gravidez era de Flor\u00eancia, e assim sendo, espera que a filha se afaste de uma vez por todas de Dami\u00e3o. Elisa responde que sua tia \u00e9 muito comunicativa, e que seu pai n\u00e3o se preocupe, pois certamente Dami\u00e3o ir\u00e1 acelerar seu casamento, Elisa finaliza dizendo que seria bom se alguma vez Augusto duvidasse do que diz Carmen. Flor\u00eancia diz a Almerinda que n\u00e3o \u00e9 verdade que est\u00e1 gr\u00e1vida, apenas usou uma amostra de urina de Kenia, e o fez para que Elisa se afastasse de uma vez por todas de Dami\u00e3o.<\/p>\n<p>Dami\u00e3o vai andar a cavalo, Flor\u00eancia se empenha em acompanha-lo, e ambos caem do cavalo. Henrique recrimina Dami\u00e3o por haver permitido que Flor\u00eancia montasse a cavalo, sabendo que estava gr\u00e1vida. Dami\u00e3o o responde que ela insistiu. Ingrid insiste em esclarecer a Gael que n\u00e3o tem nenhuma rela\u00e7\u00e3o com Ramiro, ele a diz que n\u00e3o quer ser grosseiro, mas n\u00e3o o diz respeito nada que ela fa\u00e7a ou deixe de fazer. Ingrid diz a Gael que apenas deseja que ele n\u00e3o tenha uma m\u00e1 imagem dela. Edmundo diz a Dami\u00e3o que depois de todos os testes feitos, n\u00e3o encontrou nada de grave em Flor\u00eancia. Dami\u00e3o pergunta sobre a gravidez de Flor\u00eancia, e Edmundo responde que Flor\u00eancia nunca esteve gr\u00e1vida.<\/p>\n<p>(*) edi\u00e7\u00e3o do SBT, Novela \u201cAbismo de Paix\u00e3o\u201d, sujeito a altera\u00e7\u00e3o de data e conte\u00fado.<\/p>\n<p>&#8220;Abismo de Paix\u00e3o&#8221;- Augusto Casta\u00f1\u00f3n (Alejandro Camacho) e Estef\u00e2nia Bouvier de Casta\u00f1\u00f3n (Ludwika Paleta) s\u00e3o pais de Elisa (Angelique Boyer). Com eles vive Carmen Bouvier (Sabine Moussier), irm\u00e3 mais velha de Estef\u00e2nia e que vai fugir do povoado com Rog\u00e9rio Arango (C\u00e9sar \u00c9vora), esposo de Almerinda Arango (Blanca Guerra) e pai de Dami\u00e3o (David Zepeda), melhor amigo de Elisa. Almerinda descobre e alerta a Augusto.<\/p>\n<p>Por sua parte, Estef\u00e2nia tenta impedir Rog\u00e9rio a n\u00e3o abandonar sua fam\u00edlia, mas devido ao intemp\u00e9rie da chuva, ambos morrem em um acidente de carro. Carmem aproveita o fato para fazer Augusto acreditar que sua esposa era infiel. Augusto, por despeito, casa-se com Carmem, apesar de n\u00e3o estar apaixonado por ela e nem am\u00e1-la. Carmem est\u00e1 gr\u00e1vida de Rog\u00e9rio, mas mente para Augusto, dizendo que o filho \u00e9 dele. <\/p>\n<p>Querendo bater em Elisa, Carmem escorrega e cai na piscina da casa, causando morte s\u00fabita ao beb\u00ea. Por sua parte, Almerinda decide mandar a Dami\u00e3o para fora do povoado a estudar para separ\u00e1-lo de Elisa de quem \u00e9 muito amigo, amizade que ela n\u00e3o v\u00ea com bons olhos, ap\u00f3s inocentemente os dois fugirem juntos.<\/p>\n","protected":false},"excerpt":{"rendered":"<p>Resumo da novela \u201cAbismo de Paix\u00e3o\u201d em 16\/10: no cap\u00edtulo 037(*) da novela, quarta-feira, 16 de outubro, Edmundo diz a Kenia que ela perdeu o beb\u00ea, mas ficar\u00e1 bem. Bet\u00e2nia parabeniza Dami\u00e3o e Flor\u00eancia, j\u00e1 que acredita que eles ser\u00e3o papais. O Padre Lupe diz a Dami\u00e3o que Almerinda foi v\u00ea-lo para que ele a [&hellip;]<\/p>\n","protected":false},"author":2,"featured_media":181126,"comment_status":"open","ping_status":"closed","sticky":false,"template":"","format":"standard","meta":{"tdm_status":"","tdm_grid_status":"","footnotes":""},"categories":[379,372,343],"tags":[441],"class_list":{"0":"post-183335","1":"post","2":"type-post","3":"status-publish","4":"format-standard","5":"has-post-thumbnail","7":"category-novelas","8":"category-sbt","9":"category-televisao","10":"tag-resumo-do-dia"},"_links":{"self":[{"href":"https:\/\/migracao.redenoticia.com.br\/noticia\/wp-json\/wp\/v2\/posts\/183335","targetHints":{"allow":["GET"]}}],"collection":[{"href":"https:\/\/migracao.redenoticia.com.br\/noticia\/wp-json\/wp\/v2\/posts"}],"about":[{"href":"https:\/\/migracao.redenoticia.com.br\/noticia\/wp-json\/wp\/v2\/types\/post"}],"author":[{"embeddable":true,"href":"https:\/\/migracao.redenoticia.com.br\/noticia\/wp-json\/wp\/v2\/users\/2"}],"replies":[{"embeddable":true,"href":"https:\/\/migracao.redenoticia.com.br\/noticia\/wp-json\/wp\/v2\/comments?post=183335"}],"version-history":[{"count":0,"href":"https:\/\/migracao.redenoticia.com.br\/noticia\/wp-json\/wp\/v2\/posts\/183335\/revisions"}],"wp:featuredmedia":[{"embeddable":true,"href":"https:\/\/migracao.redenoticia.com.br\/noticia\/wp-json\/wp\/v2\/media\/181126"}],"wp:attachment":[{"href":"https:\/\/migracao.redenoticia.com.br\/noticia\/wp-json\/wp\/v2\/media?parent=183335"}],"wp:term":[{"taxonomy":"category","embeddable":true,"href":"https:\/\/migracao.redenoticia.com.br\/noticia\/wp-json\/wp\/v2\/categories?post=183335"},{"taxonomy":"post_tag","embeddable":true,"href":"https:\/\/migracao.redenoticia.com.br\/noticia\/wp-json\/wp\/v2\/tags?post=183335"}],"curies":[{"name":"wp","href":"https:\/\/api.w.org\/{rel}","templated":true}]}}