{"id":183379,"date":"2019-10-16T17:00:11","date_gmt":"2019-10-16T20:00:11","guid":{"rendered":"https:\/\/www.redenoticia.com.br\/noticia\/?p=183379"},"modified":"2019-10-16T17:00:11","modified_gmt":"2019-10-16T20:00:11","slug":"resumo-novela-a-que-nao-podia-amar-17-10-cintia-mata-elias","status":"publish","type":"post","link":"https:\/\/migracao.redenoticia.com.br\/noticia\/2019\/resumo-novela-a-que-nao-podia-amar-17-10-cintia-mata-elias\/183379","title":{"rendered":"Resumo novela \u201cA Que N\u00e3o Podia Amar\u201d 17\/10: C\u00edntia mata Elias"},"content":{"rendered":"<p><img loading=\"lazy\" decoding=\"async\" class=\"aligncenter size-large wp-image-173635\" src=\"https:\/\/migracao.redenoticia.com.br\/noticia\/imagens\/a-que-nao-podia-amar-400x271.jpg\" alt=\"\" width=\"400\" height=\"271\" srcset=\"https:\/\/migracao.redenoticia.com.br\/noticia\/imagens\/a-que-nao-podia-amar-400x271.jpg 400w, https:\/\/migracao.redenoticia.com.br\/noticia\/imagens\/a-que-nao-podia-amar-250x169.jpg 250w, https:\/\/migracao.redenoticia.com.br\/noticia\/imagens\/a-que-nao-podia-amar-560x379.jpg 560w, https:\/\/migracao.redenoticia.com.br\/noticia\/imagens\/a-que-nao-podia-amar.jpg 620w\" sizes=\"auto, (max-width: 400px) 100vw, 400px\" \/><\/p>\n<p><strong><em>Resumo da novela \u201cA Que N\u00e3o Podia Amar\u201d<\/em><\/strong> em 17\/10: no cap\u00edtulo 139(*) da novela, quinta-feira, 17 de outubro, C\u00edntia rasga uma convoca\u00e7\u00e3o legal que era para Miguel, com o objetivo de prejudic\u00e1-lo. Vanessa e Bruno t\u00eam em mente a possibilidade de unir suas terras com as de C\u00edntia para que Rog\u00e9rio fique finalmente arruinado. Mais tarde, Rog\u00e9rio diz a C\u00edntia que j\u00e1 n\u00e3o conte mais com ele e que vai lhe dar sua heran\u00e7a independentemente do que aconte\u00e7a.<\/p>\n<p>Elias amea\u00e7a C\u00edntia dizendo que ir\u00e1 contar para todos que ela planejou o incidente que fez Ana Paula perder seu beb\u00ea. C\u00edntia se desespera, bate fortemente na cabe\u00e7a de Elias e ele morre. Maria e Gustavo encontram Elias ferido. Maria assume a culpa pela morte de Elias e \u00e9 presa. Ao ver o sacrif\u00edcio que sua m\u00e3e est\u00e1 fazendo por ela, C\u00edntia pede perd\u00e3o por seus maus-tratos.<\/p>\n<p>(*) edi\u00e7\u00e3o do SBT, Novela \u201cA Que N\u00e3o Podia Amar\u201d, sujeito a altera\u00e7\u00e3o de data e conte\u00fado.<\/p>\n<p>&#8220;A Que N\u00e3o Podia Amar&#8221;- Ana Paula, uma enfermeira humilde que se v\u00ea obrigada a trabalhar na casa de Rog\u00e9rio Montero (Jorge Salinas), um homem amargurado. Rog\u00e9rio sofre por ser parapl\u00e9gico e destrata todas as pessoas. Ana Paula atura tudo calada e o rica\u00e7o se apaixona por ela.<\/p>\n<p>Ana conhece Gustavo Duran (Jos\u00e9 Ron), um engenheiro nobre e trabalhador. Os dois se apaixonam, mas ter\u00e3o de enfrentar Rog\u00e9rio, j\u00e1 que ele tamb\u00e9m gosta da mocinha, formando assim, um tri\u00e2ngulo amoroso com terr\u00edveis consequ\u00eancias.<\/p>\n","protected":false},"excerpt":{"rendered":"<p>Resumo da novela \u201cA Que N\u00e3o Podia Amar\u201d em 17\/10: no cap\u00edtulo 139(*) da novela, quinta-feira, 17 de outubro, C\u00edntia rasga uma convoca\u00e7\u00e3o legal que era para Miguel, com o objetivo de prejudic\u00e1-lo. Vanessa e Bruno t\u00eam em mente a possibilidade de unir suas terras com as de C\u00edntia para que Rog\u00e9rio fique finalmente arruinado. [&hellip;]<\/p>\n","protected":false},"author":2,"featured_media":173627,"comment_status":"open","ping_status":"closed","sticky":false,"template":"","format":"standard","meta":{"tdm_status":"","tdm_grid_status":"","footnotes":""},"categories":[379,372,343],"tags":[441],"class_list":{"0":"post-183379","1":"post","2":"type-post","3":"status-publish","4":"format-standard","5":"has-post-thumbnail","7":"category-novelas","8":"category-sbt","9":"category-televisao","10":"tag-resumo-do-dia"},"_links":{"self":[{"href":"https:\/\/migracao.redenoticia.com.br\/noticia\/wp-json\/wp\/v2\/posts\/183379","targetHints":{"allow":["GET"]}}],"collection":[{"href":"https:\/\/migracao.redenoticia.com.br\/noticia\/wp-json\/wp\/v2\/posts"}],"about":[{"href":"https:\/\/migracao.redenoticia.com.br\/noticia\/wp-json\/wp\/v2\/types\/post"}],"author":[{"embeddable":true,"href":"https:\/\/migracao.redenoticia.com.br\/noticia\/wp-json\/wp\/v2\/users\/2"}],"replies":[{"embeddable":true,"href":"https:\/\/migracao.redenoticia.com.br\/noticia\/wp-json\/wp\/v2\/comments?post=183379"}],"version-history":[{"count":0,"href":"https:\/\/migracao.redenoticia.com.br\/noticia\/wp-json\/wp\/v2\/posts\/183379\/revisions"}],"wp:featuredmedia":[{"embeddable":true,"href":"https:\/\/migracao.redenoticia.com.br\/noticia\/wp-json\/wp\/v2\/media\/173627"}],"wp:attachment":[{"href":"https:\/\/migracao.redenoticia.com.br\/noticia\/wp-json\/wp\/v2\/media?parent=183379"}],"wp:term":[{"taxonomy":"category","embeddable":true,"href":"https:\/\/migracao.redenoticia.com.br\/noticia\/wp-json\/wp\/v2\/categories?post=183379"},{"taxonomy":"post_tag","embeddable":true,"href":"https:\/\/migracao.redenoticia.com.br\/noticia\/wp-json\/wp\/v2\/tags?post=183379"}],"curies":[{"name":"wp","href":"https:\/\/api.w.org\/{rel}","templated":true}]}}