{"id":183380,"date":"2019-10-16T16:58:42","date_gmt":"2019-10-16T19:58:42","guid":{"rendered":"https:\/\/www.redenoticia.com.br\/noticia\/?p=183380"},"modified":"2019-10-16T16:58:42","modified_gmt":"2019-10-16T19:58:42","slug":"resumo-novela-abismo-de-paixao-17-10-florencia-finge-nao-poder-andar","status":"publish","type":"post","link":"https:\/\/migracao.redenoticia.com.br\/noticia\/2019\/resumo-novela-abismo-de-paixao-17-10-florencia-finge-nao-poder-andar\/183380","title":{"rendered":"Resumo novela \u201cAbismo de Paix\u00e3o\u201d 17\/10: Flor\u00eancia finge n\u00e3o poder andar"},"content":{"rendered":"<p> <img loading=\"lazy\" decoding=\"async\" class=\"aligncenter size-large wp-image-181127\" src=\"https:\/\/migracao.redenoticia.com.br\/noticia\/imagens\/abismo-de-paixao-sbt-resumo-327x300.jpg\" alt=\"\" width=\"327\" height=\"300\" srcset=\"https:\/\/migracao.redenoticia.com.br\/noticia\/imagens\/abismo-de-paixao-sbt-resumo-327x300.jpg 327w, https:\/\/migracao.redenoticia.com.br\/noticia\/imagens\/abismo-de-paixao-sbt-resumo-204x187.jpg 204w, https:\/\/migracao.redenoticia.com.br\/noticia\/imagens\/abismo-de-paixao-sbt-resumo.jpg 426w\" sizes=\"auto, (max-width: 327px) 100vw, 327px\" \/><\/p>\n<p><strong><em>Resumo da novela \u201cAbismo de Paix\u00e3o\u201d<\/em><\/strong> em 17\/10: no cap\u00edtulo 038(*) da novela, quinta-feira, 17 de outubro, Flor\u00eancia segue fingindo diante de Dami\u00e3o que sim, estava gr\u00e1vida, e que a queda do cavalo \u00e9 que resultou na perca de seu beb\u00ea. Paloma diz a sua av\u00f3 que a noiva de Dami\u00e3o est\u00e1 gr\u00e1vida, Ramona responde que n\u00e3o \u00e9 verdade, pois ainda n\u00e3o \u00e9 tempo de que Dami\u00e3o seja pai, ou seja, se Flor\u00eancia n\u00e3o estiver mentindo, o pai da crian\u00e7a \u00e9 outro homem. Dami\u00e3o diz a sua m\u00e3e que vai levar Flor\u00eancia para a capital, Almerinda diz ao filho que segundo Edmundo, Flor\u00eancia estar\u00e1 bem em um par de dias. Dami\u00e3o diz a m\u00e3e que levar\u00e1 a noiva a um especialista, e que talvez ela nunca mais volte da capital. Flor\u00eancia diz a Dami\u00e3o que n\u00e3o sente as pernas. Sabrina tenta chamar a aten\u00e7\u00e3o de Paulo, ele a diz que n\u00e3o sente o menor interesse por ela, e desta forma, ela poderia deixar de perder seu tempo.<\/p>\n<p>Ramiro beija Ingrid, Ramona atira uma pedra na cabe\u00e7a de Ramiro, e o adverte que da pr\u00f3xima vez que ele se atrever a tocar em Paloma, o jogar\u00e1 na cabe\u00e7a uma pedra muito maior. Ingrid pergunta a Ramiro quem \u00e9 essa mulher, e porque o amea\u00e7ou, Ramiro responde que \u00e9 uma louca. Gael visita Kenia, ela o diz que ir\u00e1 embora para sempre do povoado, e a \u00fanica lembran\u00e7a bonita que levar\u00e1 deste local \u00e9 ter o conhecido, finaliza dizendo que gostaria muito de ter tido um irm\u00e3o como ele, e sugere que ele tenha muito cuidado com Ingrid, pois ela n\u00e3o \u00e9 merecedora de nenhuma confian\u00e7a. Almerinda responsabiliza Edmundo por Flor\u00eancia n\u00e3o estar podendo caminhar, ele responde que n\u00e3o \u00e9 obrigado a tolerar a prepot\u00eancia da senhora, e a mostra dados de um especialista quanto \u00e1 situa\u00e7\u00e3o de Flor\u00eancia. Elisa diz a Edmundo que sabe que Flor\u00eancia caiu de um cavalo, e quer saber como est\u00e1 seu beb\u00ea, Edmundo a diz que Flor\u00eancia jamais esteve gr\u00e1vida.<\/p>\n<p>Almerinda diz a Flor\u00eancia que j\u00e1 se deu conta de sua incr\u00edvel capacidade de mentir, e s\u00f3 n\u00e3o a desmentiu frente a Dami\u00e3o para que ele n\u00e3o sa\u00edsse correndo atr\u00e1s de Elisa, mas que se ela descobrir que tamb\u00e9m \u00e9 mentira o fato de n\u00e3o conseguir mover as pernas, se arrepender\u00e1 amargamente, e n\u00e3o \u00e9 recomend\u00e1vel t\u00ea-la como inimiga. Augusto insulta novamente Elisa, e a diz que ela saiu igual a sua m\u00e3e. Elisa o diz que talvez Estef\u00e2nia tenha se vingado do pai com Rog\u00e9rio, tendo em vista que ele e Carmen se relacionavam enquanto sua m\u00e3e ainda era viva. Carmen adverte Elisa que se arrepender\u00e1 de t\u00ea-la ofendido. Augusto diz a Gael que se ele ama tanto Elisa, poderia casar se com ela, j\u00e1 que ele como pai j\u00e1 desistiu de tentar control\u00e1-la. Gael diz a Augusto que Elisa precisa de amor, n\u00e3o de controle, Augusto o diz que ele a d\u00e1 muito amor.<\/p>\n<p>(*) edi\u00e7\u00e3o do SBT, Novela \u201cAbismo de Paix\u00e3o\u201d, sujeito a altera\u00e7\u00e3o de data e conte\u00fado.<\/p>\n<p>&#8220;Abismo de Paix\u00e3o&#8221;- Augusto Casta\u00f1\u00f3n (Alejandro Camacho) e Estef\u00e2nia Bouvier de Casta\u00f1\u00f3n (Ludwika Paleta) s\u00e3o pais de Elisa (Angelique Boyer). Com eles vive Carmen Bouvier (Sabine Moussier), irm\u00e3 mais velha de Estef\u00e2nia e que vai fugir do povoado com Rog\u00e9rio Arango (C\u00e9sar \u00c9vora), esposo de Almerinda Arango (Blanca Guerra) e pai de Dami\u00e3o (David Zepeda), melhor amigo de Elisa. Almerinda descobre e alerta a Augusto.<\/p>\n<p>Por sua parte, Estef\u00e2nia tenta impedir Rog\u00e9rio a n\u00e3o abandonar sua fam\u00edlia, mas devido ao intemp\u00e9rie da chuva, ambos morrem em um acidente de carro. Carmem aproveita o fato para fazer Augusto acreditar que sua esposa era infiel. Augusto, por despeito, casa-se com Carmem, apesar de n\u00e3o estar apaixonado por ela e nem am\u00e1-la. Carmem est\u00e1 gr\u00e1vida de Rog\u00e9rio, mas mente para Augusto, dizendo que o filho \u00e9 dele. <\/p>\n<p>Querendo bater em Elisa, Carmem escorrega e cai na piscina da casa, causando morte s\u00fabita ao beb\u00ea. Por sua parte, Almerinda decide mandar a Dami\u00e3o para fora do povoado a estudar para separ\u00e1-lo de Elisa de quem \u00e9 muito amigo, amizade que ela n\u00e3o v\u00ea com bons olhos, ap\u00f3s inocentemente os dois fugirem juntos.<\/p>\n","protected":false},"excerpt":{"rendered":"<p>Resumo da novela \u201cAbismo de Paix\u00e3o\u201d em 17\/10: no cap\u00edtulo 038(*) da novela, quinta-feira, 17 de outubro, Flor\u00eancia segue fingindo diante de Dami\u00e3o que sim, estava gr\u00e1vida, e que a queda do cavalo \u00e9 que resultou na perca de seu beb\u00ea. Paloma diz a sua av\u00f3 que a noiva de Dami\u00e3o est\u00e1 gr\u00e1vida, Ramona responde [&hellip;]<\/p>\n","protected":false},"author":2,"featured_media":181126,"comment_status":"open","ping_status":"closed","sticky":false,"template":"","format":"standard","meta":{"tdm_status":"","tdm_grid_status":"","footnotes":""},"categories":[379,372,343],"tags":[441],"class_list":{"0":"post-183380","1":"post","2":"type-post","3":"status-publish","4":"format-standard","5":"has-post-thumbnail","7":"category-novelas","8":"category-sbt","9":"category-televisao","10":"tag-resumo-do-dia"},"_links":{"self":[{"href":"https:\/\/migracao.redenoticia.com.br\/noticia\/wp-json\/wp\/v2\/posts\/183380","targetHints":{"allow":["GET"]}}],"collection":[{"href":"https:\/\/migracao.redenoticia.com.br\/noticia\/wp-json\/wp\/v2\/posts"}],"about":[{"href":"https:\/\/migracao.redenoticia.com.br\/noticia\/wp-json\/wp\/v2\/types\/post"}],"author":[{"embeddable":true,"href":"https:\/\/migracao.redenoticia.com.br\/noticia\/wp-json\/wp\/v2\/users\/2"}],"replies":[{"embeddable":true,"href":"https:\/\/migracao.redenoticia.com.br\/noticia\/wp-json\/wp\/v2\/comments?post=183380"}],"version-history":[{"count":0,"href":"https:\/\/migracao.redenoticia.com.br\/noticia\/wp-json\/wp\/v2\/posts\/183380\/revisions"}],"wp:featuredmedia":[{"embeddable":true,"href":"https:\/\/migracao.redenoticia.com.br\/noticia\/wp-json\/wp\/v2\/media\/181126"}],"wp:attachment":[{"href":"https:\/\/migracao.redenoticia.com.br\/noticia\/wp-json\/wp\/v2\/media?parent=183380"}],"wp:term":[{"taxonomy":"category","embeddable":true,"href":"https:\/\/migracao.redenoticia.com.br\/noticia\/wp-json\/wp\/v2\/categories?post=183380"},{"taxonomy":"post_tag","embeddable":true,"href":"https:\/\/migracao.redenoticia.com.br\/noticia\/wp-json\/wp\/v2\/tags?post=183380"}],"curies":[{"name":"wp","href":"https:\/\/api.w.org\/{rel}","templated":true}]}}