{"id":183442,"date":"2019-10-26T16:36:32","date_gmt":"2019-10-26T19:36:32","guid":{"rendered":"https:\/\/www.redenoticia.com.br\/noticia\/?p=183442"},"modified":"2019-10-27T15:15:56","modified_gmt":"2019-10-27T18:15:56","slug":"novela-a-dona-do-pedaco-cassia-aceita-leandro-e-emociona-agno","status":"publish","type":"post","link":"https:\/\/migracao.redenoticia.com.br\/noticia\/2019\/novela-a-dona-do-pedaco-cassia-aceita-leandro-e-emociona-agno\/183442","title":{"rendered":"Novela \u201cA Dona do Peda\u00e7o\u201d: C\u00e1ssia aceita Leandro e emociona Agno"},"content":{"rendered":"<p><img loading=\"lazy\" decoding=\"async\" src=\"https:\/\/migracao.redenoticia.com.br\/noticia\/imagens\/A-Dona-do-Pedaco-globo-resumo-314x300.jpg\" alt=\"\" width=\"314\" height=\"300\" class=\"aligncenter size-large wp-image-175348\" srcset=\"https:\/\/migracao.redenoticia.com.br\/noticia\/imagens\/A-Dona-do-Pedaco-globo-resumo-314x300.jpg 314w, https:\/\/migracao.redenoticia.com.br\/noticia\/imagens\/A-Dona-do-Pedaco-globo-resumo-196x187.jpg 196w, https:\/\/migracao.redenoticia.com.br\/noticia\/imagens\/A-Dona-do-Pedaco-globo-resumo.jpg 457w\" sizes=\"auto, (max-width: 314px) 100vw, 314px\" \/> <strong><em>Novela &#8220;A Dona do Peda\u00e7o\u201d:<\/em><\/strong> C\u00e1ssia (Mel Maia) monta uma armadilha e o ped\u00f3filo Lauro (Ricardo Monastero) aparece em um shopping para encontrar Alba (Catarina de Carvalho). Lauro \u00e9 surpreendido por Leandro (Guilherme Leicam): &#8220;Larga. Eu nem preciso mirar pra acertar. Larga&#8221;. Lauro enfia uma faca em Leandro, que atira. Os dois caem feridos, Agno chora, mas socorre Leandro. Lauro e Leandro se recuperam no hospital.<\/p>\n<p>Na casa de Lyris (Deborah Evelyn), Agno conversa com a filha e ela pergunta o estado de Leandro. Agno explica: \u201cFoi um ferimento, nada t\u00e3o grave&#8230; Mas est\u00e1 no hospital\u201d. C\u00e1ssia pede para ir at\u00e9 o local e fala com Leandro: \u201cEu queria te falar uma coisa, mas tenho vergonha &#8230; Eu queria dizer que eu fui p\u00e9ssima com voc\u00ea o tempo todo. At\u00e9 mesmo quando me ajudou, naquela vez da mesada da mam\u00e3e, ela me contou &#8230; Eu devia ter sido mais grata. Mas fui agressiva com voc\u00ea. Acho que tinha raiva porque meu pai tinha mentido pra mim, mas eu pe\u00e7o desculpas por tudo que eu disse, por ter te tratado t\u00e3o mal&#8230; Eu fico feliz que meu pai tenha encontrado um sujeito legal como voc\u00ea. <\/p>\n<p>Ela respira e continua: &#8220;e eu queria, assim que c\u00ea tiver bem, \u00e9 claro, convidar os dois pra jantar em casa comigo, a mam\u00e3e, como uma fam\u00edlia &#8230; Porque agora eu sei, Leandro, c\u00ea faz parte da minha fam\u00edlia. C\u00ea defendeu meu amigo, defendeu meu pai. Eu j\u00e1 sei de tudo&#8230; E fam\u00edlia \u00e9 assim, n\u00e3o \u00e9? Um sempre pode contar com o outro. Um defende o outro. Aceita, Leandro?\u201d. Eles se d\u00e3o as m\u00e3os e todos se emocionam. Cena prevista para novembro na novela \u201cA Dona do Peda\u00e7o\u201d.<\/p>\n<p>\u201cA Dona do Peda\u00e7o\u201d: a novela enaltece a trajet\u00f3ria de Maria da Paz (Juliana Paes), uma jovem humilde, da cidade fict\u00edcia de Rio Vermelho, no Esp\u00edrito Santo. Maria vem de uma fam\u00edlia de justiceiros profissionais, os Ramirez, e se apaixona justamente por Amadeu (Marcos Palmeira), advogado formado em Vit\u00f3ria e membro do cl\u00e3 rival nos neg\u00f3cios, os Matheus. A trama, dividida em um pr\u00f3logo e duas fases, traz uma hist\u00f3ria de amor com elementos \u00e0 Romeu e Julieta, sem perder o humor, que permeia todo o folhetim.<\/p>\n","protected":false},"excerpt":{"rendered":"<p>Novela &#8220;A Dona do Peda\u00e7o\u201d: C\u00e1ssia (Mel Maia) monta uma armadilha e o ped\u00f3filo Lauro (Ricardo Monastero) aparece em um shopping para encontrar Alba (Catarina de Carvalho). Lauro \u00e9 surpreendido por Leandro (Guilherme Leicam): &#8220;Larga. Eu nem preciso mirar pra acertar. Larga&#8221;. Lauro enfia uma faca em Leandro, que atira. Os dois caem feridos, Agno [&hellip;]<\/p>\n","protected":false},"author":2,"featured_media":177715,"comment_status":"open","ping_status":"closed","sticky":false,"template":"","format":"standard","meta":{"tdm_status":"","tdm_grid_status":"","footnotes":""},"categories":[543,388,379,375,343],"tags":[440],"class_list":{"0":"post-183442","1":"post","2":"type-post","3":"status-publish","4":"format-standard","5":"has-post-thumbnail","7":"category-a-dona-do-pedaco","8":"category-destaques","9":"category-novelas","10":"category-rede-globo","11":"category-televisao","12":"tag-noticia-novela"},"_links":{"self":[{"href":"https:\/\/migracao.redenoticia.com.br\/noticia\/wp-json\/wp\/v2\/posts\/183442","targetHints":{"allow":["GET"]}}],"collection":[{"href":"https:\/\/migracao.redenoticia.com.br\/noticia\/wp-json\/wp\/v2\/posts"}],"about":[{"href":"https:\/\/migracao.redenoticia.com.br\/noticia\/wp-json\/wp\/v2\/types\/post"}],"author":[{"embeddable":true,"href":"https:\/\/migracao.redenoticia.com.br\/noticia\/wp-json\/wp\/v2\/users\/2"}],"replies":[{"embeddable":true,"href":"https:\/\/migracao.redenoticia.com.br\/noticia\/wp-json\/wp\/v2\/comments?post=183442"}],"version-history":[{"count":0,"href":"https:\/\/migracao.redenoticia.com.br\/noticia\/wp-json\/wp\/v2\/posts\/183442\/revisions"}],"wp:featuredmedia":[{"embeddable":true,"href":"https:\/\/migracao.redenoticia.com.br\/noticia\/wp-json\/wp\/v2\/media\/177715"}],"wp:attachment":[{"href":"https:\/\/migracao.redenoticia.com.br\/noticia\/wp-json\/wp\/v2\/media?parent=183442"}],"wp:term":[{"taxonomy":"category","embeddable":true,"href":"https:\/\/migracao.redenoticia.com.br\/noticia\/wp-json\/wp\/v2\/categories?post=183442"},{"taxonomy":"post_tag","embeddable":true,"href":"https:\/\/migracao.redenoticia.com.br\/noticia\/wp-json\/wp\/v2\/tags?post=183442"}],"curies":[{"name":"wp","href":"https:\/\/api.w.org\/{rel}","templated":true}]}}