{"id":183526,"date":"2019-10-19T19:44:59","date_gmt":"2019-10-19T22:44:59","guid":{"rendered":"https:\/\/www.redenoticia.com.br\/noticia\/?p=183526"},"modified":"2019-10-19T19:44:59","modified_gmt":"2019-10-19T22:44:59","slug":"resumo-novela-abismo-de-paixao-21-10-ingrid-exige-dinheiro-de-almerinda","status":"publish","type":"post","link":"https:\/\/migracao.redenoticia.com.br\/noticia\/2019\/resumo-novela-abismo-de-paixao-21-10-ingrid-exige-dinheiro-de-almerinda\/183526","title":{"rendered":"Resumo novela \u201cAbismo de Paix\u00e3o\u201d 21\/10: Ingrid exige dinheiro de Almerinda"},"content":{"rendered":"<p> <img loading=\"lazy\" decoding=\"async\" class=\"aligncenter size-large wp-image-181127\" src=\"https:\/\/migracao.redenoticia.com.br\/noticia\/imagens\/abismo-de-paixao-sbt-resumo-327x300.jpg\" alt=\"\" width=\"327\" height=\"300\" srcset=\"https:\/\/migracao.redenoticia.com.br\/noticia\/imagens\/abismo-de-paixao-sbt-resumo-327x300.jpg 327w, https:\/\/migracao.redenoticia.com.br\/noticia\/imagens\/abismo-de-paixao-sbt-resumo-204x187.jpg 204w, https:\/\/migracao.redenoticia.com.br\/noticia\/imagens\/abismo-de-paixao-sbt-resumo.jpg 426w\" sizes=\"auto, (max-width: 327px) 100vw, 327px\" \/><\/p>\n<p><strong><em>Resumo da novela \u201cAbismo de Paix\u00e3o\u201d<\/em><\/strong> em 21\/10: no cap\u00edtulo 040(*) da novela, segunda-feira, 21 de outubro, Carmen liga para Paulo, mas v\u00ea Augusto chegar e desliga o telefone, dizendo o em seguida que era uma liga\u00e7\u00e3o de engano. Augusto, ir\u00f4nico, diz que ultimamente Carmen s\u00f3 tem atendido liga\u00e7\u00f5es onde a pessoa sempre se enganou, e isso \u00e9 muito curioso. Gael procura Ingrid s\u00f3 para perguntar-lhe quem \u00e9 seu pai, Ingrid responde que n\u00e3o faria diferen\u00e7a para Gael saber o nome, pois ele j\u00e1 est\u00e1 morto. Gael diz a Ingrid que se o motivo para ela seguir no povoado \u00e9 ele, pode ir embora, pois ele h\u00e1 muitos anos \u00e9 \u00f3rf\u00e3o de pai e m\u00e3e.<\/p>\n<p>Almerinda diz a Flor\u00eancia que ter\u00e1 que dizer a Dami\u00e3o que ela pode caminhar, e que ainda \u00e1 zanga muito saber que ela n\u00e3o confiou lhe que podia mexer as pernas, completa dizendo que n\u00e3o quer mais saber de truques baratos para prender seu filho, que ela cres\u00e7a e seja uma mulher de verdade. Ingrid procura Almerinda para pedir lhe dinheiro, em troca de que ela siga calando o fato de Gael tamb\u00e9m ser filho de Rog\u00e9rio Arango, e assim sendo, irm\u00e3o de Dami\u00e3o. Almerinda responde que j\u00e1 a deu muito dinheiro, e n\u00e3o a dar\u00e1 mais um centavo, Ingrid diz que se assim for ela procurar\u00e1 Dami\u00e3o. Dami\u00e3o diz a sua m\u00e3e que Flor\u00eancia j\u00e1 pode andar, mas Guido pensa que ainda precisa lev\u00e1-la a um especialista. Almerinda diz a Dami\u00e3o que a sa\u00fade de sua noiva tem que estar, sempre, em primeiro lugar.<\/p>\n<p>(*) edi\u00e7\u00e3o do SBT, Novela \u201cAbismo de Paix\u00e3o\u201d, sujeito a altera\u00e7\u00e3o de data e conte\u00fado.<\/p>\n<p>&#8220;Abismo de Paix\u00e3o&#8221;- Augusto Casta\u00f1\u00f3n (Alejandro Camacho) e Estef\u00e2nia Bouvier de Casta\u00f1\u00f3n (Ludwika Paleta) s\u00e3o pais de Elisa (Angelique Boyer). Com eles vive Carmen Bouvier (Sabine Moussier), irm\u00e3 mais velha de Estef\u00e2nia e que vai fugir do povoado com Rog\u00e9rio Arango (C\u00e9sar \u00c9vora), esposo de Almerinda Arango (Blanca Guerra) e pai de Dami\u00e3o (David Zepeda), melhor amigo de Elisa. Almerinda descobre e alerta a Augusto.<\/p>\n<p>Por sua parte, Estef\u00e2nia tenta impedir Rog\u00e9rio a n\u00e3o abandonar sua fam\u00edlia, mas devido ao intemp\u00e9rie da chuva, ambos morrem em um acidente de carro. Carmem aproveita o fato para fazer Augusto acreditar que sua esposa era infiel. Augusto, por despeito, casa-se com Carmem, apesar de n\u00e3o estar apaixonado por ela e nem am\u00e1-la. Carmem est\u00e1 gr\u00e1vida de Rog\u00e9rio, mas mente para Augusto, dizendo que o filho \u00e9 dele. <\/p>\n<p>Querendo bater em Elisa, Carmem escorrega e cai na piscina da casa, causando morte s\u00fabita ao beb\u00ea. Por sua parte, Almerinda decide mandar a Dami\u00e3o para fora do povoado a estudar para separ\u00e1-lo de Elisa de quem \u00e9 muito amigo, amizade que ela n\u00e3o v\u00ea com bons olhos, ap\u00f3s inocentemente os dois fugirem juntos.<\/p>\n","protected":false},"excerpt":{"rendered":"<p>Resumo da novela \u201cAbismo de Paix\u00e3o\u201d em 21\/10: no cap\u00edtulo 040(*) da novela, segunda-feira, 21 de outubro, Carmen liga para Paulo, mas v\u00ea Augusto chegar e desliga o telefone, dizendo o em seguida que era uma liga\u00e7\u00e3o de engano. Augusto, ir\u00f4nico, diz que ultimamente Carmen s\u00f3 tem atendido liga\u00e7\u00f5es onde a pessoa sempre se enganou, [&hellip;]<\/p>\n","protected":false},"author":2,"featured_media":181126,"comment_status":"open","ping_status":"closed","sticky":false,"template":"","format":"standard","meta":{"tdm_status":"","tdm_grid_status":"","footnotes":""},"categories":[379,372,343],"tags":[441],"class_list":{"0":"post-183526","1":"post","2":"type-post","3":"status-publish","4":"format-standard","5":"has-post-thumbnail","7":"category-novelas","8":"category-sbt","9":"category-televisao","10":"tag-resumo-do-dia"},"_links":{"self":[{"href":"https:\/\/migracao.redenoticia.com.br\/noticia\/wp-json\/wp\/v2\/posts\/183526","targetHints":{"allow":["GET"]}}],"collection":[{"href":"https:\/\/migracao.redenoticia.com.br\/noticia\/wp-json\/wp\/v2\/posts"}],"about":[{"href":"https:\/\/migracao.redenoticia.com.br\/noticia\/wp-json\/wp\/v2\/types\/post"}],"author":[{"embeddable":true,"href":"https:\/\/migracao.redenoticia.com.br\/noticia\/wp-json\/wp\/v2\/users\/2"}],"replies":[{"embeddable":true,"href":"https:\/\/migracao.redenoticia.com.br\/noticia\/wp-json\/wp\/v2\/comments?post=183526"}],"version-history":[{"count":0,"href":"https:\/\/migracao.redenoticia.com.br\/noticia\/wp-json\/wp\/v2\/posts\/183526\/revisions"}],"wp:featuredmedia":[{"embeddable":true,"href":"https:\/\/migracao.redenoticia.com.br\/noticia\/wp-json\/wp\/v2\/media\/181126"}],"wp:attachment":[{"href":"https:\/\/migracao.redenoticia.com.br\/noticia\/wp-json\/wp\/v2\/media?parent=183526"}],"wp:term":[{"taxonomy":"category","embeddable":true,"href":"https:\/\/migracao.redenoticia.com.br\/noticia\/wp-json\/wp\/v2\/categories?post=183526"},{"taxonomy":"post_tag","embeddable":true,"href":"https:\/\/migracao.redenoticia.com.br\/noticia\/wp-json\/wp\/v2\/tags?post=183526"}],"curies":[{"name":"wp","href":"https:\/\/api.w.org\/{rel}","templated":true}]}}