{"id":183582,"date":"2019-10-21T13:09:49","date_gmt":"2019-10-21T16:09:49","guid":{"rendered":"https:\/\/www.redenoticia.com.br\/noticia\/?p=183582"},"modified":"2019-10-21T13:09:49","modified_gmt":"2019-10-21T16:09:49","slug":"resumo-novela-abismo-de-paixao-22-10-damiao-surpreende-florencia-e-henrique-aos-beijos","status":"publish","type":"post","link":"https:\/\/migracao.redenoticia.com.br\/noticia\/2019\/resumo-novela-abismo-de-paixao-22-10-damiao-surpreende-florencia-e-henrique-aos-beijos\/183582","title":{"rendered":"Resumo novela \u201cAbismo de Paix\u00e3o\u201d 22\/10: Dami\u00e3o surpreende Flor\u00eancia e Henrique aos beijos"},"content":{"rendered":"<p><img loading=\"lazy\" decoding=\"async\" class=\"aligncenter size-large wp-image-181127\" src=\"https:\/\/migracao.redenoticia.com.br\/noticia\/imagens\/abismo-de-paixao-sbt-resumo-327x300.jpg\" alt=\"\" width=\"327\" height=\"300\" srcset=\"https:\/\/migracao.redenoticia.com.br\/noticia\/imagens\/abismo-de-paixao-sbt-resumo-327x300.jpg 327w, https:\/\/migracao.redenoticia.com.br\/noticia\/imagens\/abismo-de-paixao-sbt-resumo-204x187.jpg 204w, https:\/\/migracao.redenoticia.com.br\/noticia\/imagens\/abismo-de-paixao-sbt-resumo.jpg 426w\" sizes=\"auto, (max-width: 327px) 100vw, 327px\" \/><\/p>\n<p><strong><em>Resumo da novela \u201cAbismo de Paix\u00e3o\u201d<\/em><\/strong> em 22\/10: no cap\u00edtulo 041(*) da novela, ter\u00e7a-feira, 22 de outubro, Paulo liga para Carmen e eles marcam de se ver na \u2018casa azul\u2019, Elisa chega e pergunta a tia com quem ela falava em segredo. Carmen responde que falava com Paulo, que ele queria falar com ela (Elisa), mas ela tratou de dispens\u00e1-lo. Elisa questiona Carmen que para dizer isso, n\u00e3o precisaria falar como se estivesse escondendo algo, Carmen zangada diz a Elisa que ela tem enchido a cabe\u00e7a de Augusto com essas besteiras, e por causa dela ele voltou a beber. Flor\u00eancia agradece Almerinda por estar a apoiando quanto \u00e1 Dami\u00e3o e ela irem embora para a capital.<\/p>\n<p>Almerinda responde que a melhor coisa, tamb\u00e9m para ela, \u00e9 afastar Dami\u00e3o de uma vez por todas de Elisa. Carmen e Paulo fazem amor, e ele, c\u00ednico, diz que seu marido tinha raz\u00e3o em dizer que ela era uma mulher muito especial. Dami\u00e3o se desculpa com o Dr. Trovar por haver duvidado de seu diagn\u00f3stico. Paloma diz \u00e1 Dami\u00e3o que Flor\u00eancia mentiu sobre sua gravidez, e que fez a mesma coisa quanto ao caso de suas pernas. Flor\u00eancia procura Elisa para se despedir, e hip\u00f3crita, diz que Dami\u00e3o est\u00e1 ansioso para que se casem, e tamb\u00e9m para encomendarem o primeiro filho na lua de mel.<\/p>\n<p>Dami\u00e3o exige que Kenia diga se foi ela quem cedeu a prova para que Flor\u00eancia fingisse uma gravidez, Kenia o responde que Flor\u00eancia a disse que uma tal de Elisa andava atr\u00e1s dele, e apenas por isso o ajudou. Gael diz a Kenia que Elisa e Dami\u00e3o s\u00e3o seus amigos, e n\u00e3o aprova sua atitude, Kenia jura que s\u00f3 o fez para ajudar sua amiga. Henrique pede a Flor\u00eancia que n\u00e3o v\u00e1 embora, ela o responde que desde o princ\u00edpio havia o dito que amava apenas Dami\u00e3o, por\u00e9m que antes de ir embora o dar\u00e1 algo que ele jamais ir\u00e1 se esquecer, Flor\u00eancia beija Henrique com paix\u00e3o, Dami\u00e3o os surpreende.<\/p>\n<p>(*) edi\u00e7\u00e3o do SBT, Novela \u201cAbismo de Paix\u00e3o\u201d, sujeito a altera\u00e7\u00e3o de data e conte\u00fado.<\/p>\n<p>&#8220;Abismo de Paix\u00e3o&#8221;- Augusto Casta\u00f1\u00f3n (Alejandro Camacho) e Estef\u00e2nia Bouvier de Casta\u00f1\u00f3n (Ludwika Paleta) s\u00e3o pais de Elisa (Angelique Boyer). Com eles vive Carmen Bouvier (Sabine Moussier), irm\u00e3 mais velha de Estef\u00e2nia e que vai fugir do povoado com Rog\u00e9rio Arango (C\u00e9sar \u00c9vora), esposo de Almerinda Arango (Blanca Guerra) e pai de Dami\u00e3o (David Zepeda), melhor amigo de Elisa. Almerinda descobre e alerta a Augusto.<\/p>\n<p>Por sua parte, Estef\u00e2nia tenta impedir Rog\u00e9rio a n\u00e3o abandonar sua fam\u00edlia, mas devido ao intemp\u00e9rie da chuva, ambos morrem em um acidente de carro. Carmem aproveita o fato para fazer Augusto acreditar que sua esposa era infiel. Augusto, por despeito, casa-se com Carmem, apesar de n\u00e3o estar apaixonado por ela e nem am\u00e1-la. Carmem est\u00e1 gr\u00e1vida de Rog\u00e9rio, mas mente para Augusto, dizendo que o filho \u00e9 dele. <\/p>\n<p>Querendo bater em Elisa, Carmem escorrega e cai na piscina da casa, causando morte s\u00fabita ao beb\u00ea. Por sua parte, Almerinda decide mandar a Dami\u00e3o para fora do povoado a estudar para separ\u00e1-lo de Elisa de quem \u00e9 muito amigo, amizade que ela n\u00e3o v\u00ea com bons olhos, ap\u00f3s inocentemente os dois fugirem juntos.<\/p>\n","protected":false},"excerpt":{"rendered":"<p>Resumo da novela \u201cAbismo de Paix\u00e3o\u201d em 22\/10: no cap\u00edtulo 041(*) da novela, ter\u00e7a-feira, 22 de outubro, Paulo liga para Carmen e eles marcam de se ver na \u2018casa azul\u2019, Elisa chega e pergunta a tia com quem ela falava em segredo. Carmen responde que falava com Paulo, que ele queria falar com ela (Elisa), [&hellip;]<\/p>\n","protected":false},"author":4,"featured_media":181126,"comment_status":"open","ping_status":"closed","sticky":false,"template":"","format":"standard","meta":{"tdm_status":"","tdm_grid_status":"","footnotes":""},"categories":[379,372,343],"tags":[441],"class_list":{"0":"post-183582","1":"post","2":"type-post","3":"status-publish","4":"format-standard","5":"has-post-thumbnail","7":"category-novelas","8":"category-sbt","9":"category-televisao","10":"tag-resumo-do-dia"},"_links":{"self":[{"href":"https:\/\/migracao.redenoticia.com.br\/noticia\/wp-json\/wp\/v2\/posts\/183582","targetHints":{"allow":["GET"]}}],"collection":[{"href":"https:\/\/migracao.redenoticia.com.br\/noticia\/wp-json\/wp\/v2\/posts"}],"about":[{"href":"https:\/\/migracao.redenoticia.com.br\/noticia\/wp-json\/wp\/v2\/types\/post"}],"author":[{"embeddable":true,"href":"https:\/\/migracao.redenoticia.com.br\/noticia\/wp-json\/wp\/v2\/users\/4"}],"replies":[{"embeddable":true,"href":"https:\/\/migracao.redenoticia.com.br\/noticia\/wp-json\/wp\/v2\/comments?post=183582"}],"version-history":[{"count":0,"href":"https:\/\/migracao.redenoticia.com.br\/noticia\/wp-json\/wp\/v2\/posts\/183582\/revisions"}],"wp:featuredmedia":[{"embeddable":true,"href":"https:\/\/migracao.redenoticia.com.br\/noticia\/wp-json\/wp\/v2\/media\/181126"}],"wp:attachment":[{"href":"https:\/\/migracao.redenoticia.com.br\/noticia\/wp-json\/wp\/v2\/media?parent=183582"}],"wp:term":[{"taxonomy":"category","embeddable":true,"href":"https:\/\/migracao.redenoticia.com.br\/noticia\/wp-json\/wp\/v2\/categories?post=183582"},{"taxonomy":"post_tag","embeddable":true,"href":"https:\/\/migracao.redenoticia.com.br\/noticia\/wp-json\/wp\/v2\/tags?post=183582"}],"curies":[{"name":"wp","href":"https:\/\/api.w.org\/{rel}","templated":true}]}}