{"id":183589,"date":"2019-10-21T13:15:16","date_gmt":"2019-10-21T16:15:16","guid":{"rendered":"https:\/\/www.redenoticia.com.br\/noticia\/?p=183589"},"modified":"2019-10-21T13:15:16","modified_gmt":"2019-10-21T16:15:16","slug":"resumo-novela-cumplices-de-um-resgate-22-10-assistente-social-visita-familia-vaz","status":"publish","type":"post","link":"https:\/\/migracao.redenoticia.com.br\/noticia\/2019\/resumo-novela-cumplices-de-um-resgate-22-10-assistente-social-visita-familia-vaz\/183589","title":{"rendered":"Resumo novela \u201cC\u00famplices de um Resgate\u201d 22\/10: Assistente social visita fam\u00edlia Vaz"},"content":{"rendered":"<p><img loading=\"lazy\" decoding=\"async\" class=\"aligncenter size-large wp-image-164526\" src=\"https:\/\/migracao.redenoticia.com.br\/noticia\/imagens\/cumplices-de-um-resgate-001-316x300.jpg\" alt=\"\" width=\"316\" height=\"300\" srcset=\"https:\/\/migracao.redenoticia.com.br\/noticia\/imagens\/cumplices-de-um-resgate-001-316x300.jpg 316w, https:\/\/migracao.redenoticia.com.br\/noticia\/imagens\/cumplices-de-um-resgate-001-197x187.jpg 197w, https:\/\/migracao.redenoticia.com.br\/noticia\/imagens\/cumplices-de-um-resgate-001-150x143.jpg 150w, https:\/\/migracao.redenoticia.com.br\/noticia\/imagens\/cumplices-de-um-resgate-001.jpg 526w\" sizes=\"auto, (max-width: 316px) 100vw, 316px\" \/><\/p>\n<p><strong><em>Resumo novela \u201cC\u00famplices de um Resgate\u201d 22\/10<\/em><\/strong>: no cap\u00edtulo 208(*) da novela, ter\u00e7a-feira, 22 de outubro, Julia encontra uma carta enviada pela justi\u00e7a avisando que um assistente social ir\u00e1 at\u00e9 o apartamento ver como eles est\u00e3o. Os Vaz ficam preocupados e pensam num plano. Bira toca uma m\u00fasica para Let\u00edcia, mas a secretaria diz que ele entendeu tudo errado. Manuela sonha que Joaquim \u00e9 um pr\u00edncipe que invade a mans\u00e3o para lhe salvar. Regina for\u00e7a Manuela a se vestir de empregada e lhe servir.<\/p>\n<p>Omar leva Isabela para cabular aula no vilarejo. Ot\u00e1vio vai atr\u00e1s de Rebeca, diz que foi Safira que armou tudo sobre a reuni\u00e3o com as ex-namoradas e pede para reatarem o namoro. Rebeca conta que devia ter desconfiado dela, mas que mesmo assim fica insegura. O assistente social chega no apartamento para avaliar as crian\u00e7as. Os irm\u00e3os Vaz se arrumam, preparam um bolo e em seguida mostram o apartamento para o assistente.<\/p>\n<p>(*) edi\u00e7\u00e3o do SBT, Novela \u201cC\u00famplices de um Resgate\u201d, sujeito a altera\u00e7\u00e3o de data e conte\u00fado.<\/p>\n<p>\u201cC\u00famplices de um Resgate\u201d &#8211; Duas irm\u00e3s g\u00eameas univitelinas que foram separadas ap\u00f3s nascimento, se reencontram somente ap\u00f3s doze anos. Manuela, uma das g\u00eameas, \u00e9 doce, meiga, gentil, e muito talentosa para a m\u00fasica e tem uma voz encantadora. Vive uma vida feliz no Vilarejo dos Sonhos, onde mora com sua av\u00f3 Nina, sua tia Helena e sua m\u00e3e Rebeca, que d\u00e1 muito amor e carinho a filha por ela nunca ter tido um pai, e ela \u00e9 a m\u00e3e biol\u00f3gica das duas garotas, mas nunca soube que teve g\u00eameas.<\/p>\n","protected":false},"excerpt":{"rendered":"<p>Resumo novela \u201cC\u00famplices de um Resgate\u201d 22\/10: no cap\u00edtulo 208(*) da novela, ter\u00e7a-feira, 22 de outubro, Julia encontra uma carta enviada pela justi\u00e7a avisando que um assistente social ir\u00e1 at\u00e9 o apartamento ver como eles est\u00e3o. Os Vaz ficam preocupados e pensam num plano. Bira toca uma m\u00fasica para Let\u00edcia, mas a secretaria diz que [&hellip;]<\/p>\n","protected":false},"author":4,"featured_media":164526,"comment_status":"open","ping_status":"closed","sticky":false,"template":"","format":"standard","meta":{"tdm_status":"","tdm_grid_status":"","footnotes":""},"categories":[379,372,343],"tags":[441],"class_list":{"0":"post-183589","1":"post","2":"type-post","3":"status-publish","4":"format-standard","5":"has-post-thumbnail","7":"category-novelas","8":"category-sbt","9":"category-televisao","10":"tag-resumo-do-dia"},"_links":{"self":[{"href":"https:\/\/migracao.redenoticia.com.br\/noticia\/wp-json\/wp\/v2\/posts\/183589","targetHints":{"allow":["GET"]}}],"collection":[{"href":"https:\/\/migracao.redenoticia.com.br\/noticia\/wp-json\/wp\/v2\/posts"}],"about":[{"href":"https:\/\/migracao.redenoticia.com.br\/noticia\/wp-json\/wp\/v2\/types\/post"}],"author":[{"embeddable":true,"href":"https:\/\/migracao.redenoticia.com.br\/noticia\/wp-json\/wp\/v2\/users\/4"}],"replies":[{"embeddable":true,"href":"https:\/\/migracao.redenoticia.com.br\/noticia\/wp-json\/wp\/v2\/comments?post=183589"}],"version-history":[{"count":0,"href":"https:\/\/migracao.redenoticia.com.br\/noticia\/wp-json\/wp\/v2\/posts\/183589\/revisions"}],"wp:featuredmedia":[{"embeddable":true,"href":"https:\/\/migracao.redenoticia.com.br\/noticia\/wp-json\/wp\/v2\/media\/164526"}],"wp:attachment":[{"href":"https:\/\/migracao.redenoticia.com.br\/noticia\/wp-json\/wp\/v2\/media?parent=183589"}],"wp:term":[{"taxonomy":"category","embeddable":true,"href":"https:\/\/migracao.redenoticia.com.br\/noticia\/wp-json\/wp\/v2\/categories?post=183589"},{"taxonomy":"post_tag","embeddable":true,"href":"https:\/\/migracao.redenoticia.com.br\/noticia\/wp-json\/wp\/v2\/tags?post=183589"}],"curies":[{"name":"wp","href":"https:\/\/api.w.org\/{rel}","templated":true}]}}