{"id":183604,"date":"2019-10-25T18:13:39","date_gmt":"2019-10-25T21:13:39","guid":{"rendered":"https:\/\/www.redenoticia.com.br\/noticia\/?p=183604"},"modified":"2019-10-27T15:14:51","modified_gmt":"2019-10-27T18:14:51","slug":"novela-avenida-brasil-leleco-salva-tessalia-e-e-preso","status":"publish","type":"post","link":"https:\/\/migracao.redenoticia.com.br\/noticia\/2019\/novela-avenida-brasil-leleco-salva-tessalia-e-e-preso\/183604","title":{"rendered":"Novela \u201cAvenida Brasil\u201d: Leleco salva Tess\u00e1lia e \u00e9 preso"},"content":{"rendered":"<p><img loading=\"lazy\" decoding=\"async\" src=\"https:\/\/migracao.redenoticia.com.br\/noticia\/imagens\/avenida-brasil-logo-300x300.jpg\" alt=\"\" width=\"300\" height=\"300\" class=\"aligncenter size-large wp-image-182544\" srcset=\"https:\/\/migracao.redenoticia.com.br\/noticia\/imagens\/avenida-brasil-logo-300x300.jpg 300w, https:\/\/migracao.redenoticia.com.br\/noticia\/imagens\/avenida-brasil-logo-187x187.jpg 187w, https:\/\/migracao.redenoticia.com.br\/noticia\/imagens\/avenida-brasil-logo.jpg 580w\" sizes=\"auto, (max-width: 300px) 100vw, 300px\" \/> <strong><em>Novela \u201cAvenida Brasil\u201d:<\/em><\/strong> O ex-namorado de Tess\u00e1lia (D\u00e9bora Nascimento) n\u00e3o se conforma em perd\u00ea-la. Revoltado, depois de ter levado um soco de Leleco (Marcos Caruso) e ter ido parar atr\u00e1s das grades, ele decide se vingar e prende a morena em um quarto de hotel, na tentativa de convenc\u00ea-la a voltar a morar no interior e se casar.<\/p>\n<p>Olenka (Fab\u00edula Nascimento) e Monalisa (Heloisa P\u00e9riss\u00e9) estranham o sumi\u00e7o da Garota Chapinha e pedem novamente a ajuda de Leleco para conferir o que aconteceu. Ao chegar ao hotel, o pai de Tuf\u00e3o (Murilo Ben\u00edcio) percebe que a morena pode estar em apuros e vai at\u00e9 o quarto em que ela estaria hospedada.<\/p>\n<p>Jair (Kiko Pissolato) acredita que os dois est\u00e3o tendo um caso e coloca uma faca no pesco\u00e7o da ex. \u201cVoc\u00ea n\u00e3o est\u00e1 bem da cabe\u00e7a, rapaz. Est\u00e1 precisando se acalmar. Me entrega a mo\u00e7a e fica tudo por isso mesmo. A gente esquece que isso aconteceu\u201d, Leleco afirma na tentativa de acalm\u00e1-lo.<\/p>\n<p>A situa\u00e7\u00e3o s\u00f3 piora e Leleco \u00e9 obrigado a apelar mais uma vez para viol\u00eancia, saindo no bra\u00e7o com Jair. Tess\u00e1lia acerta a cabe\u00e7a do ex-namorado, Jair sai cambaleando, se desequilibra perto da janela e cai l\u00e1 embaixo.<\/p>\n<p>Todos correm para a porta do hotel e o encontram consciente, mas sem conseguir mexer as pernas. Leleco aciona a ambul\u00e2ncia, mas \u00e9 surpreendido pela chegada de policiais que o levam preso. Cena prevista para outubro na novela \u201cAvenida Brasil\u201d.<\/p>\n<p>\u201cAvenida Brasil\u201d: a hist\u00f3ria de uma jovem que, desde os 11 anos, planeja um acerto de contas com a madrasta. Rita (Mel Maia), \u00f3rf\u00e3 de m\u00e3e, era criada, com muito amor, pelo pai Gen\u00e9sio (Tony Ramos). Tudo muda quando ele se casa com Carmen L\u00facia, a Carminha (Adriana Esteves), uma mulher ambiciosa e dissimulada. Com Gen\u00e9sio, ela se passava por esposa doce e dedicada; com Rita, era uma madrasta m\u00e1.<\/p>\n<p>A menina entra em desespero ao descobrir, ap\u00f3s ouvir uma conversa da madrasta ao telefone, que Carminha est\u00e1 armando um golpe contra seu pai: ele ser\u00e1 abordado na sa\u00edda do banco, logo ap\u00f3s receber o pagamento pela venda da casa onde mora com a filha e a nova esposa.<\/p>\n","protected":false},"excerpt":{"rendered":"<p>Novela \u201cAvenida Brasil\u201d: O ex-namorado de Tess\u00e1lia (D\u00e9bora Nascimento) n\u00e3o se conforma em perd\u00ea-la. Revoltado, depois de ter levado um soco de Leleco (Marcos Caruso) e ter ido parar atr\u00e1s das grades, ele decide se vingar e prende a morena em um quarto de hotel, na tentativa de convenc\u00ea-la a voltar a morar no interior [&hellip;]<\/p>\n","protected":false},"author":2,"featured_media":74589,"comment_status":"open","ping_status":"closed","sticky":false,"template":"","format":"standard","meta":{"tdm_status":"","tdm_grid_status":"","footnotes":""},"categories":[549,388,379,375,343],"tags":[440],"class_list":{"0":"post-183604","1":"post","2":"type-post","3":"status-publish","4":"format-standard","5":"has-post-thumbnail","7":"category-avenida-brasil","8":"category-destaques","9":"category-novelas","10":"category-rede-globo","11":"category-televisao","12":"tag-noticia-novela"},"_links":{"self":[{"href":"https:\/\/migracao.redenoticia.com.br\/noticia\/wp-json\/wp\/v2\/posts\/183604","targetHints":{"allow":["GET"]}}],"collection":[{"href":"https:\/\/migracao.redenoticia.com.br\/noticia\/wp-json\/wp\/v2\/posts"}],"about":[{"href":"https:\/\/migracao.redenoticia.com.br\/noticia\/wp-json\/wp\/v2\/types\/post"}],"author":[{"embeddable":true,"href":"https:\/\/migracao.redenoticia.com.br\/noticia\/wp-json\/wp\/v2\/users\/2"}],"replies":[{"embeddable":true,"href":"https:\/\/migracao.redenoticia.com.br\/noticia\/wp-json\/wp\/v2\/comments?post=183604"}],"version-history":[{"count":0,"href":"https:\/\/migracao.redenoticia.com.br\/noticia\/wp-json\/wp\/v2\/posts\/183604\/revisions"}],"wp:featuredmedia":[{"embeddable":true,"href":"https:\/\/migracao.redenoticia.com.br\/noticia\/wp-json\/wp\/v2\/media\/74589"}],"wp:attachment":[{"href":"https:\/\/migracao.redenoticia.com.br\/noticia\/wp-json\/wp\/v2\/media?parent=183604"}],"wp:term":[{"taxonomy":"category","embeddable":true,"href":"https:\/\/migracao.redenoticia.com.br\/noticia\/wp-json\/wp\/v2\/categories?post=183604"},{"taxonomy":"post_tag","embeddable":true,"href":"https:\/\/migracao.redenoticia.com.br\/noticia\/wp-json\/wp\/v2\/tags?post=183604"}],"curies":[{"name":"wp","href":"https:\/\/api.w.org\/{rel}","templated":true}]}}