{"id":183609,"date":"2019-10-29T22:35:41","date_gmt":"2019-10-30T01:35:41","guid":{"rendered":"https:\/\/www.redenoticia.com.br\/noticia\/?p=183609"},"modified":"2019-10-29T22:35:27","modified_gmt":"2019-10-30T01:35:27","slug":"novela-a-dona-do-pedaco-dona-ceu-mostra-gravacao-que-incrimina-fabiana","status":"publish","type":"post","link":"https:\/\/migracao.redenoticia.com.br\/noticia\/2019\/novela-a-dona-do-pedaco-dona-ceu-mostra-gravacao-que-incrimina-fabiana\/183609","title":{"rendered":"Novela \u201cA Dona do Peda\u00e7o\u201d: Dona C\u00e9u mostra grava\u00e7\u00e3o que incrimina Fabiana"},"content":{"rendered":"<p><img loading=\"lazy\" decoding=\"async\" src=\"https:\/\/migracao.redenoticia.com.br\/noticia\/imagens\/A-Dona-do-Pedaco-globo-resumo-314x300.jpg\" alt=\"\" width=\"314\" height=\"300\" class=\"aligncenter size-large wp-image-175348\" srcset=\"https:\/\/migracao.redenoticia.com.br\/noticia\/imagens\/A-Dona-do-Pedaco-globo-resumo-314x300.jpg 314w, https:\/\/migracao.redenoticia.com.br\/noticia\/imagens\/A-Dona-do-Pedaco-globo-resumo-196x187.jpg 196w, https:\/\/migracao.redenoticia.com.br\/noticia\/imagens\/A-Dona-do-Pedaco-globo-resumo.jpg 457w\" sizes=\"auto, (max-width: 314px) 100vw, 314px\" \/> <strong><em>Novela &#8220;A Dona do Peda\u00e7o\u201d:<\/em><\/strong> Maria da Paz (Juliana Paes) vence a repescagem e volta a participar do programa Best Cake. Ela passa a enfrentar os jurados e as arma\u00e7\u00f5es de dona C\u00e9u (Dja Marthins), a concorrente que temperou seu bolo com sal e a prejudicou na etapa inicial. Fabiana (Nathalia Dill) percebe que Dona C\u00e9u pode prejudicar Maria e faz uma proposta: &#8220;Eu quero que impe\u00e7a a Maria da Paz de ganhar esse concurso. Ela tem uma confeitaria, est\u00e1 crescendo e vai me prejudicar se ganhar. Pago bem, para fazer pior do que j\u00e1 fez. Sei que tomou o a\u00e7\u00facar dela&#8221;. Dona C\u00e9u grava a conversa e faz acordo com Fabiana.<\/p>\n<p>Durante as etapas do programa, Maria fica esperta, supera as arma\u00e7\u00f5es de Dona C\u00e9u e vence o Best Cake. Dona C\u00e9u visita Fabiana: &#8220;Esperei passar o concurso pra vim cobrar. A senhora pediu pra prejudicar a outra candidata, a Maria da Paz. Eu fiz o que pude, prejudiquei&#8221;. Fabiana contesta: &#8220;Perd\u00e3o. Mas a senhora j\u00e1 estava prejudicando. S\u00f3 pedi para fazer um pouco mais&#8230; Mas s\u00f3 pedi isso porque senti simpatia pela senhora e queria que ganhasse o Best Cake. Lamento porque n\u00e3o ganhou &#8230; A Maria da Paz ganhou o Best Cake. Vou pagar por que, se a senhora perdeu?&#8221;. <\/p>\n<p>Dona C\u00e9u mostra a grava\u00e7\u00e3o de Fabiana lhe oferecendo dinheiro: &#8220;Pensa que por que sou velha, n\u00e3o sei lidar com celular? Eu botei meu sobrinho de longe, gravando. Voc\u00ea n\u00e3o percebeu. Pague &#8230; Fa\u00e7a uma transfer\u00eancia eletr\u00f4nica. Minha conta \u00e9 essa aqui&#8221;. Cena prevista para dia 7 de novembro na novela \u201cA Dona do Peda\u00e7o\u201d.<\/p>\n<p>\u201cA Dona do Peda\u00e7o\u201d: a novela enaltece a trajet\u00f3ria de Maria da Paz (Juliana Paes), uma jovem humilde, da cidade fict\u00edcia de Rio Vermelho, no Esp\u00edrito Santo. Maria vem de uma fam\u00edlia de justiceiros profissionais, os Ramirez, e se apaixona justamente por Amadeu (Marcos Palmeira), advogado formado em Vit\u00f3ria e membro do cl\u00e3 rival nos neg\u00f3cios, os Matheus. A trama, dividida em um pr\u00f3logo e duas fases, traz uma hist\u00f3ria de amor com elementos \u00e0 Romeu e Julieta, sem perder o humor, que permeia todo o folhetim.<\/p>\n","protected":false},"excerpt":{"rendered":"<p>Novela &#8220;A Dona do Peda\u00e7o\u201d: Maria da Paz (Juliana Paes) vence a repescagem e volta a participar do programa Best Cake. Ela passa a enfrentar os jurados e as arma\u00e7\u00f5es de dona C\u00e9u (Dja Marthins), a concorrente que temperou seu bolo com sal e a prejudicou na etapa inicial. Fabiana (Nathalia Dill) percebe que Dona [&hellip;]<\/p>\n","protected":false},"author":2,"featured_media":177402,"comment_status":"open","ping_status":"closed","sticky":false,"template":"","format":"standard","meta":{"tdm_status":"","tdm_grid_status":"","footnotes":""},"categories":[543,379,375,343],"tags":[440],"class_list":{"0":"post-183609","1":"post","2":"type-post","3":"status-publish","4":"format-standard","5":"has-post-thumbnail","7":"category-a-dona-do-pedaco","8":"category-novelas","9":"category-rede-globo","10":"category-televisao","11":"tag-noticia-novela"},"_links":{"self":[{"href":"https:\/\/migracao.redenoticia.com.br\/noticia\/wp-json\/wp\/v2\/posts\/183609","targetHints":{"allow":["GET"]}}],"collection":[{"href":"https:\/\/migracao.redenoticia.com.br\/noticia\/wp-json\/wp\/v2\/posts"}],"about":[{"href":"https:\/\/migracao.redenoticia.com.br\/noticia\/wp-json\/wp\/v2\/types\/post"}],"author":[{"embeddable":true,"href":"https:\/\/migracao.redenoticia.com.br\/noticia\/wp-json\/wp\/v2\/users\/2"}],"replies":[{"embeddable":true,"href":"https:\/\/migracao.redenoticia.com.br\/noticia\/wp-json\/wp\/v2\/comments?post=183609"}],"version-history":[{"count":0,"href":"https:\/\/migracao.redenoticia.com.br\/noticia\/wp-json\/wp\/v2\/posts\/183609\/revisions"}],"wp:featuredmedia":[{"embeddable":true,"href":"https:\/\/migracao.redenoticia.com.br\/noticia\/wp-json\/wp\/v2\/media\/177402"}],"wp:attachment":[{"href":"https:\/\/migracao.redenoticia.com.br\/noticia\/wp-json\/wp\/v2\/media?parent=183609"}],"wp:term":[{"taxonomy":"category","embeddable":true,"href":"https:\/\/migracao.redenoticia.com.br\/noticia\/wp-json\/wp\/v2\/categories?post=183609"},{"taxonomy":"post_tag","embeddable":true,"href":"https:\/\/migracao.redenoticia.com.br\/noticia\/wp-json\/wp\/v2\/tags?post=183609"}],"curies":[{"name":"wp","href":"https:\/\/api.w.org\/{rel}","templated":true}]}}