{"id":183641,"date":"2019-10-22T12:14:18","date_gmt":"2019-10-22T15:14:18","guid":{"rendered":"https:\/\/www.redenoticia.com.br\/noticia\/?p=183641"},"modified":"2019-10-22T12:14:18","modified_gmt":"2019-10-22T15:14:18","slug":"resumo-novela-cumplices-de-um-resgate-23-10-safira-pede-perdao-para-otavio","status":"publish","type":"post","link":"https:\/\/migracao.redenoticia.com.br\/noticia\/2019\/resumo-novela-cumplices-de-um-resgate-23-10-safira-pede-perdao-para-otavio\/183641","title":{"rendered":"Resumo novela \u201cC\u00famplices de um Resgate\u201d 23\/10: Safira pede perd\u00e3o para Ot\u00e1vio"},"content":{"rendered":"<p><img loading=\"lazy\" decoding=\"async\" class=\"aligncenter size-large wp-image-164526\" src=\"https:\/\/migracao.redenoticia.com.br\/noticia\/imagens\/cumplices-de-um-resgate-001-316x300.jpg\" alt=\"\" width=\"316\" height=\"300\" srcset=\"https:\/\/migracao.redenoticia.com.br\/noticia\/imagens\/cumplices-de-um-resgate-001-316x300.jpg 316w, https:\/\/migracao.redenoticia.com.br\/noticia\/imagens\/cumplices-de-um-resgate-001-197x187.jpg 197w, https:\/\/migracao.redenoticia.com.br\/noticia\/imagens\/cumplices-de-um-resgate-001-150x143.jpg 150w, https:\/\/migracao.redenoticia.com.br\/noticia\/imagens\/cumplices-de-um-resgate-001.jpg 526w\" sizes=\"auto, (max-width: 316px) 100vw, 316px\" \/><\/p>\n<p><strong><em>Resumo novela \u201cC\u00famplices de um Resgate\u201d 23\/10<\/em><\/strong>: no cap\u00edtulo 000(*) da novela, quarta-feira, 23 de outubro, No capitulo 208, ter\u00e7a-feira, 22 de outubro \u2013 Safira busca Priscila na gravadora. A menina diz que gosta de Joaquim, mas Safira aconselha a filha a n\u00e3o se importar tanto com garotos e ser mais independente. Isabela procura roupas no arm\u00e1rio de Manuela para tentar montar um look menos caipira. Regina obriga Manuela a limpar toda a mans\u00e3o como castigo por ido no escrit\u00f3rio dela. Frederico acaba contando para Ot\u00e1vio que Safira que armou para Rebeca se encontrar com as ex-namoradas dele.<\/p>\n<p>Regina manda Manuela parar de limpar a casa, pois ela est\u00e1 feliz e isso lhe irrita. Safira chega em sua sala e se depara com Ot\u00e1vio, que pergunta se ela n\u00e3o tem nada para lhe contar. Ot\u00e1vio demite Safira. A mulher implora para n\u00e3o ser mandada embora e pede perd\u00e3o. Ot\u00e1vio diz que essa ser\u00e1 sua \u00faltima oportunidade e que ter\u00e1 tratar Rebeca muito bem.<\/p>\n<p>(*) edi\u00e7\u00e3o do SBT, Novela \u201cC\u00famplices de um Resgate\u201d, sujeito a altera\u00e7\u00e3o de data e conte\u00fado.<\/p>\n<p>\u201cC\u00famplices de um Resgate\u201d &#8211; Duas irm\u00e3s g\u00eameas univitelinas que foram separadas ap\u00f3s nascimento, se reencontram somente ap\u00f3s doze anos. Manuela, uma das g\u00eameas, \u00e9 doce, meiga, gentil, e muito talentosa para a m\u00fasica e tem uma voz encantadora. Vive uma vida feliz no Vilarejo dos Sonhos, onde mora com sua av\u00f3 Nina, sua tia Helena e sua m\u00e3e Rebeca, que d\u00e1 muito amor e carinho a filha por ela nunca ter tido um pai, e ela \u00e9 a m\u00e3e biol\u00f3gica das duas garotas, mas nunca soube que teve g\u00eameas.<\/p>\n","protected":false},"excerpt":{"rendered":"<p>Resumo novela \u201cC\u00famplices de um Resgate\u201d 23\/10: no cap\u00edtulo 000(*) da novela, quarta-feira, 23 de outubro, No capitulo 208, ter\u00e7a-feira, 22 de outubro \u2013 Safira busca Priscila na gravadora. A menina diz que gosta de Joaquim, mas Safira aconselha a filha a n\u00e3o se importar tanto com garotos e ser mais independente. Isabela procura roupas [&hellip;]<\/p>\n","protected":false},"author":4,"featured_media":164526,"comment_status":"open","ping_status":"closed","sticky":false,"template":"","format":"standard","meta":{"tdm_status":"","tdm_grid_status":"","footnotes":""},"categories":[379,372,343],"tags":[441],"class_list":{"0":"post-183641","1":"post","2":"type-post","3":"status-publish","4":"format-standard","5":"has-post-thumbnail","7":"category-novelas","8":"category-sbt","9":"category-televisao","10":"tag-resumo-do-dia"},"_links":{"self":[{"href":"https:\/\/migracao.redenoticia.com.br\/noticia\/wp-json\/wp\/v2\/posts\/183641","targetHints":{"allow":["GET"]}}],"collection":[{"href":"https:\/\/migracao.redenoticia.com.br\/noticia\/wp-json\/wp\/v2\/posts"}],"about":[{"href":"https:\/\/migracao.redenoticia.com.br\/noticia\/wp-json\/wp\/v2\/types\/post"}],"author":[{"embeddable":true,"href":"https:\/\/migracao.redenoticia.com.br\/noticia\/wp-json\/wp\/v2\/users\/4"}],"replies":[{"embeddable":true,"href":"https:\/\/migracao.redenoticia.com.br\/noticia\/wp-json\/wp\/v2\/comments?post=183641"}],"version-history":[{"count":0,"href":"https:\/\/migracao.redenoticia.com.br\/noticia\/wp-json\/wp\/v2\/posts\/183641\/revisions"}],"wp:featuredmedia":[{"embeddable":true,"href":"https:\/\/migracao.redenoticia.com.br\/noticia\/wp-json\/wp\/v2\/media\/164526"}],"wp:attachment":[{"href":"https:\/\/migracao.redenoticia.com.br\/noticia\/wp-json\/wp\/v2\/media?parent=183641"}],"wp:term":[{"taxonomy":"category","embeddable":true,"href":"https:\/\/migracao.redenoticia.com.br\/noticia\/wp-json\/wp\/v2\/categories?post=183641"},{"taxonomy":"post_tag","embeddable":true,"href":"https:\/\/migracao.redenoticia.com.br\/noticia\/wp-json\/wp\/v2\/tags?post=183641"}],"curies":[{"name":"wp","href":"https:\/\/api.w.org\/{rel}","templated":true}]}}