{"id":183656,"date":"2019-11-11T17:54:25","date_gmt":"2019-11-11T20:54:25","guid":{"rendered":"https:\/\/www.redenoticia.com.br\/noticia\/?p=183656"},"modified":"2019-11-11T18:15:16","modified_gmt":"2019-11-11T21:15:16","slug":"novela-a-dona-do-pedaco-jo-perde-dente-e-ganha-apelido-em-confusao-no-presidio","status":"publish","type":"post","link":"https:\/\/migracao.redenoticia.com.br\/noticia\/2019\/novela-a-dona-do-pedaco-jo-perde-dente-e-ganha-apelido-em-confusao-no-presidio\/183656","title":{"rendered":"Novela \u201cA Dona do Peda\u00e7o\u201d: J\u00f4 \u00e9 condenada, perde dente e ganha apelido"},"content":{"rendered":"<p><img loading=\"lazy\" decoding=\"async\" src=\"https:\/\/migracao.redenoticia.com.br\/noticia\/imagens\/A-Dona-do-Pedaco-globo-resumo-314x300.jpg\" alt=\"\" width=\"314\" height=\"300\" class=\"aligncenter size-large wp-image-175348\" srcset=\"https:\/\/migracao.redenoticia.com.br\/noticia\/imagens\/A-Dona-do-Pedaco-globo-resumo-314x300.jpg 314w, https:\/\/migracao.redenoticia.com.br\/noticia\/imagens\/A-Dona-do-Pedaco-globo-resumo-196x187.jpg 196w, https:\/\/migracao.redenoticia.com.br\/noticia\/imagens\/A-Dona-do-Pedaco-globo-resumo.jpg 457w\" sizes=\"auto, (max-width: 314px) 100vw, 314px\" \/> <strong><em>Novela &#8220;A Dona do Peda\u00e7o\u201d:<\/em><\/strong> T\u00e9o (Rainer Cadete) consegue espionar os arquivos de Fabiana (Nathalia Dill) e descobre que Josiane (Agatha Moreira) assassinou Jardel (Duio Botta). Ela tenta matar o namorado, mas ele sobrevive e entrega a prova para a pol\u00edcia. A vil\u00e3 \u00e9 presa, se declara inocente do come\u00e7o ao fim de seu julgamento e \u00e9 condenada a 30 anos de reclus\u00e3o.<\/p>\n<p>Em cela superlotada, J\u00f4 exige uma cama. A detenta chamada Capit\u00e3 observa: &#8220;Tem jeito de menina bem criada. C\u00ea \u00e9 das famosas? Tem a gente, prisioneiras comuns. E as famosas, que sa\u00edram no jornal &#8230; Tem jeito de ter m\u00e3e, pai que t\u00eam grana. Eles conseguem um celular escondido? &#8230; Eu sou a capit\u00e3 n\u00e3o s\u00f3 dessa cela, n\u00e3o, mas da ala toda. Todo mundo aqui me respeita. C\u00ea tamb\u00e9m vai me respeitar&#8221;.<\/p>\n<p>J\u00f4 faz um pedido: &#8220;Eu s\u00f3 quero saber onde vou dormir, quero descansar. Tou p\u00e9ssima&#8221;. Ela ganha um colchonete velho e reclama. A Capit\u00e3 reage: &#8220;O qu\u00ea? A Nalva t\u00e1 te tratando bem&#8230; Fazendo uma recep\u00e7\u00e3o e c\u00ea responde com desaforo? T\u00e1 brincando com o perigo?&#8221;.<\/p>\n<p>J\u00f4 enfrenta: &#8220;C\u00ea pode ser capit\u00e3 do raio que te parta, em mim c\u00ea n\u00e3o manda. Agora d\u00e1 licen\u00e7a, vou pegar aquela beliche l\u00e1. Vou deitar e dormir&#8221;. Josiane apanha, perde um dente e ganha o apelido de Carni\u00e7a. Cena prevista para dia 13 de novembro na novela \u201cA Dona do Peda\u00e7o\u201d.<\/p>\n<p>\u201cA Dona do Peda\u00e7o\u201d: a novela enaltece a trajet\u00f3ria de Maria da Paz (Juliana Paes), uma jovem humilde, da cidade fict\u00edcia de Rio Vermelho, no Esp\u00edrito Santo. Maria vem de uma fam\u00edlia de justiceiros profissionais, os Ramirez, e se apaixona justamente por Amadeu (Marcos Palmeira), advogado formado em Vit\u00f3ria e membro do cl\u00e3 rival nos neg\u00f3cios, os Matheus. A trama, dividida em um pr\u00f3logo e duas fases, traz uma hist\u00f3ria de amor com elementos \u00e0 Romeu e Julieta, sem perder o humor, que permeia todo o folhetim.<\/p>\n","protected":false},"excerpt":{"rendered":"<p>Novela &#8220;A Dona do Peda\u00e7o\u201d: T\u00e9o (Rainer Cadete) consegue espionar os arquivos de Fabiana (Nathalia Dill) e descobre que Josiane (Agatha Moreira) assassinou Jardel (Duio Botta). Ela tenta matar o namorado, mas ele sobrevive e entrega a prova para a pol\u00edcia. A vil\u00e3 \u00e9 presa, se declara inocente do come\u00e7o ao fim de seu julgamento [&hellip;]<\/p>\n","protected":false},"author":2,"featured_media":177863,"comment_status":"open","ping_status":"closed","sticky":false,"template":"","format":"standard","meta":{"tdm_status":"","tdm_grid_status":"","footnotes":""},"categories":[543,388,379,375,343],"tags":[440],"class_list":{"0":"post-183656","1":"post","2":"type-post","3":"status-publish","4":"format-standard","5":"has-post-thumbnail","7":"category-a-dona-do-pedaco","8":"category-destaques","9":"category-novelas","10":"category-rede-globo","11":"category-televisao","12":"tag-noticia-novela"},"_links":{"self":[{"href":"https:\/\/migracao.redenoticia.com.br\/noticia\/wp-json\/wp\/v2\/posts\/183656","targetHints":{"allow":["GET"]}}],"collection":[{"href":"https:\/\/migracao.redenoticia.com.br\/noticia\/wp-json\/wp\/v2\/posts"}],"about":[{"href":"https:\/\/migracao.redenoticia.com.br\/noticia\/wp-json\/wp\/v2\/types\/post"}],"author":[{"embeddable":true,"href":"https:\/\/migracao.redenoticia.com.br\/noticia\/wp-json\/wp\/v2\/users\/2"}],"replies":[{"embeddable":true,"href":"https:\/\/migracao.redenoticia.com.br\/noticia\/wp-json\/wp\/v2\/comments?post=183656"}],"version-history":[{"count":0,"href":"https:\/\/migracao.redenoticia.com.br\/noticia\/wp-json\/wp\/v2\/posts\/183656\/revisions"}],"wp:featuredmedia":[{"embeddable":true,"href":"https:\/\/migracao.redenoticia.com.br\/noticia\/wp-json\/wp\/v2\/media\/177863"}],"wp:attachment":[{"href":"https:\/\/migracao.redenoticia.com.br\/noticia\/wp-json\/wp\/v2\/media?parent=183656"}],"wp:term":[{"taxonomy":"category","embeddable":true,"href":"https:\/\/migracao.redenoticia.com.br\/noticia\/wp-json\/wp\/v2\/categories?post=183656"},{"taxonomy":"post_tag","embeddable":true,"href":"https:\/\/migracao.redenoticia.com.br\/noticia\/wp-json\/wp\/v2\/tags?post=183656"}],"curies":[{"name":"wp","href":"https:\/\/api.w.org\/{rel}","templated":true}]}}