{"id":183685,"date":"2019-10-24T23:40:25","date_gmt":"2019-10-25T02:40:25","guid":{"rendered":"https:\/\/www.redenoticia.com.br\/noticia\/?p=183685"},"modified":"2019-10-25T18:22:25","modified_gmt":"2019-10-25T21:22:25","slug":"a-fazenda-11-2019-votacao-em-jorge-e-rodrigo-movimenta-a-enquete-da-roca","status":"publish","type":"post","link":"https:\/\/migracao.redenoticia.com.br\/noticia\/2019\/a-fazenda-11-2019-votacao-em-jorge-e-rodrigo-movimenta-a-enquete-da-roca\/183685","title":{"rendered":"&#8220;A Fazenda&#8221; 11 (2019): vota\u00e7\u00e3o em Jorge e Rodrigo movimentou a enquete da ro\u00e7a"},"content":{"rendered":"<p><img loading=\"lazy\" decoding=\"async\" class=\"aligncenter size-large wp-image-182421\" src=\"https:\/\/migracao.redenoticia.com.br\/noticia\/imagens\/a-fazenda-enquete-resultado-316x300.jpg\" alt=\"\" width=\"316\" height=\"300\" srcset=\"https:\/\/migracao.redenoticia.com.br\/noticia\/imagens\/a-fazenda-enquete-resultado-316x300.jpg 316w, https:\/\/migracao.redenoticia.com.br\/noticia\/imagens\/a-fazenda-enquete-resultado-197x187.jpg 197w, https:\/\/migracao.redenoticia.com.br\/noticia\/imagens\/a-fazenda-enquete-resultado.jpg 520w\" sizes=\"auto, (max-width: 316px) 100vw, 316px\" \/> <strong><em>&#8220;A Fazenda&#8221; 11 (2019) enquete<\/em><\/strong> sobre a vota\u00e7\u00e3o em Jorge e Rodrigo movimentou a vota\u00e7\u00e3o. Em 24\/10, Rodrigo recebeu a maioria dos votos do p\u00fablico, 56,54%, e continua no jogo. Jorge se despediu de &#8220;A Fazenda&#8221; 2019. A forma\u00e7\u00e3o da quinta ro\u00e7a desta edi\u00e7\u00e3o come\u00e7ou quando o apresentador Marcos Mion chamou os pe\u00f5es para a \u00e1rea de vota\u00e7\u00e3o nesta segunda, 21\/10. Com o resultado da enquete sobre a Chama Vermelha, o dono do poder pode ganhar R$ 30 mil. Para isso, deve substituir o segundo ou o terceiro roceiro por algu\u00e9m da pr\u00f3pria equipe. Netto abriu o Lampi\u00e3o e ficou com o poder da Chama Verde. Ele deu o poder da Chama Vermelha para o Jorge. A Fazendeira Bif\u00e3o indicou Rodrigo.<\/p>\n<p>Os pe\u00f5es de &#8220;A Fazenda&#8221; 11 apresentaram seus votos nos concorrentes da sede: Rodrigo, Thayse, Sabrina, Diego, Lucas e Hari votaram na Andr\u00e9a, que foi para a ro\u00e7a. Netto, Viny, Guilherme, Andr\u00e9a e Jorge votaram na Thayse. Netto abriu o poder da Chama Verde e come\u00e7ou o jogo Resta Um. Ele salvou o Guilherme, que salvou o Jorge, que salvou o Viny, que salvou a Sabrina, que salvou o Diego, que salvou a Hari, que salvou Thayse. No final do jogo, Lucas foi para a ro\u00e7a. Jorge usou o poder da Chama Vermelha e trocou de lugar com Andr\u00e9a. Jorge, Lucas e Rodrigo disputaram a prova do Fazendeiro nesta ter\u00e7a (22): circuito de obst\u00e1culos para montagem de um totem. Lucas conquistou o chap\u00e9u do Fazendeiro e se livrou da ro\u00e7a. Veja o resultado da vota\u00e7\u00e3o na enquete:<\/p>\n<p><script type=\"text\/javascript\" charset=\"utf-8\" data-cfasync=\"false\" src=\"https:\/\/secure.polldaddy.com\/p\/10440232.js\"><\/script><br \/>\n<noscript><a href=\"https:\/\/poll.fm\/10440232\">Quem deve continuar em &#8220;A Fazenda&#8221;?<\/a><\/noscript> <\/p>\n<p>Se voc\u00ea n\u00e3o est\u00e1 vendo a enquete &#8220;A Fazenda&#8221; 11, clique no link &#8211; <a href=\"https:\/\/migracao.redenoticia.com.br\/noticia\/2019\/a-fazenda-11-2019-votacao-em-jorge-e-rodrigo-movimenta-a-enquete-da-roca\/183685\">&#8220;A Fazenda&#8221; 11 (2019): vota\u00e7\u00e3o em Jorge e Rodrigo movimentou a enquete da ro\u00e7a<\/a><\/p>\n<p>Resultado parcial<\/p>\n<p>23\/10 19h41 &#8211; Rodrigo 60,42%; Jorge 39,58%. Total de Votos 13.152.<\/p>\n<p>O voto v\u00e1lido \u00e9 registrado no portal oficial do programa.<\/p>\n<p>&#8212;<br \/>\nEquipe Sol 2019 &#8211; Aricia Silva (eliminada), Andr\u00e9a N\u00f3brega, Guilherme Le\u00e3o, Drika Marinho (eliminada), Phellipe Haagensen (substitu\u00eddo por Jorge Souza, eliminado), Viny Vieira, Bif\u00e3o e Netto.<\/p>\n<p>Equipe Lua 2019 &#8211; Thayse Teixeira, Hari Almeida, Sabrina Paiva, Lucas Viana, Tati Dias (eliminada), Rodrigo Phavanello, T\u00falio Maravilha (eliminado) e Diego Grossi.<\/p>\n<p>&#8212;<br \/>\nPe\u00f5es de 2019<\/p>\n<p>01 &#8211; Andr\u00e9a N\u00f3brega, ex-mulher de Carlos Alberto, fez parte de A Pra\u00e7a \u00c9 Nossa;<br \/>\n02 &#8211; Aricia Silva, do P\u00e2nico (eliminada);<br \/>\n03 &#8211; Diego Grossi, do BBB;<br \/>\n04 &#8211; Drika Marinho, do Power Couple (eliminada);<br \/>\n05 &#8211; Guilherme Le\u00e3o, modelo, o &#8220;seguran\u00e7a gato do Metr\u00f4&#8221;;<br \/>\n06 &#8211; Hari Almeida, do BBB;<br \/>\n07 &#8211; Jhenyfer Dulz, conhecida como Bif\u00e3o, do De F\u00e9rias Com o Ex;<br \/>\n08 &#8211; Lucas Viana, do Are You The One? Brasil, reality de forma\u00e7\u00e3o de casais;<br \/>\n09 &#8211; Netto Rodrigues, que usa o nome art\u00edstico de NettoDJ;<br \/>\n10 &#8211; Phellipe Haagensen, ator (expulso);<br \/>\n11 &#8211; Rodrigo Phavanello, ator;<br \/>\n12 &#8211; Sabrina Paiva, Miss S\u00e3o Paulo em 2016;<br \/>\n13 &#8211; Tati Dias, do De F\u00e9rias Com o Ex (eliminada);<br \/>\n14 &#8211; Thayse Teixeira, influenciadora digital, conhecida como a &#8220;Dona do Cariri&#8221;;<br \/>\n15 &#8211; T\u00falio Maravilha, ex-jogador de futebol (eliminado);<br \/>\n16 &#8211; Viny Vieira, o Gluglu do P\u00e2nico;<br \/>\n17 &#8211; Jorge Souza, organizador de eventos (eliminado).<\/p>\n<p>Nesta edi\u00e7\u00e3o, ap\u00f3s cada elimina\u00e7\u00e3o haver\u00e1 uma live transmitida em todas as redes sociais do programa, comandada pelo humorista Lucas Salles, ao lado dos youtubers Tati e Marcelo da WebTVBrasileira.<\/p>\n<p>O reality show tem dire\u00e7\u00e3o do n\u00facleo de realities de Rodrigo Carelli, dire\u00e7\u00e3o geral de Fernando Viudez e produ\u00e7\u00e3o da Teleimage.<\/p>\n<p>&#8220;A Fazenda&#8221; Record<\/p>\n","protected":false},"excerpt":{"rendered":"<p>&#8220;A Fazenda&#8221; 11 (2019) enquete sobre a vota\u00e7\u00e3o em Jorge e Rodrigo movimentou a vota\u00e7\u00e3o. Em 24\/10, Rodrigo recebeu a maioria dos votos do p\u00fablico, 56,54%, e continua no jogo. Jorge se despediu de &#8220;A Fazenda&#8221; 2019. A forma\u00e7\u00e3o da quinta ro\u00e7a desta edi\u00e7\u00e3o come\u00e7ou quando o apresentador Marcos Mion chamou os pe\u00f5es para a [&hellip;]<\/p>\n","protected":false},"author":2,"featured_media":182419,"comment_status":"open","ping_status":"closed","sticky":false,"template":"","format":"standard","meta":{"tdm_status":"","tdm_grid_status":"","footnotes":""},"categories":[406,371,343],"tags":[521],"class_list":{"0":"post-183685","1":"post","2":"type-post","3":"status-publish","4":"format-standard","5":"has-post-thumbnail","7":"category-a-fazenda","8":"category-rede-record","9":"category-televisao","10":"tag-enquete"},"_links":{"self":[{"href":"https:\/\/migracao.redenoticia.com.br\/noticia\/wp-json\/wp\/v2\/posts\/183685","targetHints":{"allow":["GET"]}}],"collection":[{"href":"https:\/\/migracao.redenoticia.com.br\/noticia\/wp-json\/wp\/v2\/posts"}],"about":[{"href":"https:\/\/migracao.redenoticia.com.br\/noticia\/wp-json\/wp\/v2\/types\/post"}],"author":[{"embeddable":true,"href":"https:\/\/migracao.redenoticia.com.br\/noticia\/wp-json\/wp\/v2\/users\/2"}],"replies":[{"embeddable":true,"href":"https:\/\/migracao.redenoticia.com.br\/noticia\/wp-json\/wp\/v2\/comments?post=183685"}],"version-history":[{"count":0,"href":"https:\/\/migracao.redenoticia.com.br\/noticia\/wp-json\/wp\/v2\/posts\/183685\/revisions"}],"wp:featuredmedia":[{"embeddable":true,"href":"https:\/\/migracao.redenoticia.com.br\/noticia\/wp-json\/wp\/v2\/media\/182419"}],"wp:attachment":[{"href":"https:\/\/migracao.redenoticia.com.br\/noticia\/wp-json\/wp\/v2\/media?parent=183685"}],"wp:term":[{"taxonomy":"category","embeddable":true,"href":"https:\/\/migracao.redenoticia.com.br\/noticia\/wp-json\/wp\/v2\/categories?post=183685"},{"taxonomy":"post_tag","embeddable":true,"href":"https:\/\/migracao.redenoticia.com.br\/noticia\/wp-json\/wp\/v2\/tags?post=183685"}],"curies":[{"name":"wp","href":"https:\/\/api.w.org\/{rel}","templated":true}]}}