{"id":183698,"date":"2019-10-23T13:08:15","date_gmt":"2019-10-23T16:08:15","guid":{"rendered":"https:\/\/www.redenoticia.com.br\/noticia\/?p=183698"},"modified":"2019-10-23T13:08:15","modified_gmt":"2019-10-23T16:08:15","slug":"resumo-novela-a-que-nao-podia-amar-24-10-gustavo-nega-ajuda-a-cintia","status":"publish","type":"post","link":"https:\/\/migracao.redenoticia.com.br\/noticia\/2019\/resumo-novela-a-que-nao-podia-amar-24-10-gustavo-nega-ajuda-a-cintia\/183698","title":{"rendered":"Resumo novela \u201cA Que N\u00e3o Podia Amar\u201d 24\/10: Gustavo nega ajuda a C\u00edntia"},"content":{"rendered":"<p> <img loading=\"lazy\" decoding=\"async\" class=\"aligncenter size-large wp-image-173635\" src=\"https:\/\/migracao.redenoticia.com.br\/noticia\/imagens\/a-que-nao-podia-amar-400x271.jpg\" alt=\"\" width=\"400\" height=\"271\" srcset=\"https:\/\/migracao.redenoticia.com.br\/noticia\/imagens\/a-que-nao-podia-amar-400x271.jpg 400w, https:\/\/migracao.redenoticia.com.br\/noticia\/imagens\/a-que-nao-podia-amar-250x169.jpg 250w, https:\/\/migracao.redenoticia.com.br\/noticia\/imagens\/a-que-nao-podia-amar-560x379.jpg 560w, https:\/\/migracao.redenoticia.com.br\/noticia\/imagens\/a-que-nao-podia-amar.jpg 620w\" sizes=\"auto, (max-width: 400px) 100vw, 400px\" \/><\/p>\n<p><strong><em>Resumo da novela \u201cA Que N\u00e3o Podia Amar\u201d<\/em><\/strong> em 24\/10: no cap\u00edtulo 144(*) da novela, quinta-feira, 24 de outubro, C\u00edntia pede a Gustavo que a ajude a administrar seu dinheiro, mas ele se recusa e deixa claro que s\u00f3 est\u00e1 com ela por causa da crian\u00e7a. Enquanto isso, Vanessa repreende Bruno por ter neg\u00f3cios com Rosaura e o questiona sobre isso.<\/p>\n<p>Por outro lado, Consuelo diz a Maria que C\u00edntia n\u00e3o pode ir v\u00ea-la na cadeia, esta, desesperada, lhe pede que diga a Rog\u00e9rio que precisa falar com ele urgentemente. Mais tarde, C\u00edntia faz uma reuni\u00e3o com amigos e s\u00f3cios para avisar que ela e Rog\u00e9rio decidiram separar suas terras e todos os neg\u00f3cios que os unia.<\/p>\n<p>(*) edi\u00e7\u00e3o do SBT, Novela \u201cA Que N\u00e3o Podia Amar\u201d, sujeito a altera\u00e7\u00e3o de data e conte\u00fado.<\/p>\n<p>&#8220;A Que N\u00e3o Podia Amar&#8221;- Ana Paula, uma enfermeira humilde que se v\u00ea obrigada a trabalhar na casa de Rog\u00e9rio Montero (Jorge Salinas), um homem amargurado. Rog\u00e9rio sofre por ser parapl\u00e9gico e destrata todas as pessoas. Ana Paula atura tudo calada e o rica\u00e7o se apaixona por ela.<\/p>\n<p>Ana conhece Gustavo Duran (Jos\u00e9 Ron), um engenheiro nobre e trabalhador. Os dois se apaixonam, mas ter\u00e3o de enfrentar Rog\u00e9rio, j\u00e1 que ele tamb\u00e9m gosta da mocinha, formando assim, um tri\u00e2ngulo amoroso com terr\u00edveis consequ\u00eancias.<\/p>\n","protected":false},"excerpt":{"rendered":"<p>Resumo da novela \u201cA Que N\u00e3o Podia Amar\u201d em 24\/10: no cap\u00edtulo 144(*) da novela, quinta-feira, 24 de outubro, C\u00edntia pede a Gustavo que a ajude a administrar seu dinheiro, mas ele se recusa e deixa claro que s\u00f3 est\u00e1 com ela por causa da crian\u00e7a. Enquanto isso, Vanessa repreende Bruno por ter neg\u00f3cios com [&hellip;]<\/p>\n","protected":false},"author":2,"featured_media":173627,"comment_status":"open","ping_status":"closed","sticky":false,"template":"","format":"standard","meta":{"tdm_status":"","tdm_grid_status":"","footnotes":""},"categories":[379,372,343],"tags":[441],"class_list":{"0":"post-183698","1":"post","2":"type-post","3":"status-publish","4":"format-standard","5":"has-post-thumbnail","7":"category-novelas","8":"category-sbt","9":"category-televisao","10":"tag-resumo-do-dia"},"_links":{"self":[{"href":"https:\/\/migracao.redenoticia.com.br\/noticia\/wp-json\/wp\/v2\/posts\/183698","targetHints":{"allow":["GET"]}}],"collection":[{"href":"https:\/\/migracao.redenoticia.com.br\/noticia\/wp-json\/wp\/v2\/posts"}],"about":[{"href":"https:\/\/migracao.redenoticia.com.br\/noticia\/wp-json\/wp\/v2\/types\/post"}],"author":[{"embeddable":true,"href":"https:\/\/migracao.redenoticia.com.br\/noticia\/wp-json\/wp\/v2\/users\/2"}],"replies":[{"embeddable":true,"href":"https:\/\/migracao.redenoticia.com.br\/noticia\/wp-json\/wp\/v2\/comments?post=183698"}],"version-history":[{"count":0,"href":"https:\/\/migracao.redenoticia.com.br\/noticia\/wp-json\/wp\/v2\/posts\/183698\/revisions"}],"wp:featuredmedia":[{"embeddable":true,"href":"https:\/\/migracao.redenoticia.com.br\/noticia\/wp-json\/wp\/v2\/media\/173627"}],"wp:attachment":[{"href":"https:\/\/migracao.redenoticia.com.br\/noticia\/wp-json\/wp\/v2\/media?parent=183698"}],"wp:term":[{"taxonomy":"category","embeddable":true,"href":"https:\/\/migracao.redenoticia.com.br\/noticia\/wp-json\/wp\/v2\/categories?post=183698"},{"taxonomy":"post_tag","embeddable":true,"href":"https:\/\/migracao.redenoticia.com.br\/noticia\/wp-json\/wp\/v2\/tags?post=183698"}],"curies":[{"name":"wp","href":"https:\/\/api.w.org\/{rel}","templated":true}]}}