{"id":183700,"date":"2019-10-23T13:10:23","date_gmt":"2019-10-23T16:10:23","guid":{"rendered":"https:\/\/www.redenoticia.com.br\/noticia\/?p=183700"},"modified":"2019-10-23T13:10:23","modified_gmt":"2019-10-23T16:10:23","slug":"resumo-novela-as-aventuras-de-poliana-24-10-a-0110-e-invadida","status":"publish","type":"post","link":"https:\/\/migracao.redenoticia.com.br\/noticia\/2019\/resumo-novela-as-aventuras-de-poliana-24-10-a-0110-e-invadida\/183700","title":{"rendered":"Resumo novela \u201cAs Aventuras de Poliana\u201d 24\/10: A 0110 \u00e9 invadida"},"content":{"rendered":"<p> <img loading=\"lazy\" decoding=\"async\" class=\"aligncenter size-large wp-image-148662\" src=\"https:\/\/migracao.redenoticia.com.br\/noticia\/imagens\/as-aventuras-de-poliana-novela-400x267.jpg\" alt=\"\" width=\"400\" height=\"267\" srcset=\"https:\/\/migracao.redenoticia.com.br\/noticia\/imagens\/as-aventuras-de-poliana-novela-400x267.jpg 400w, https:\/\/migracao.redenoticia.com.br\/noticia\/imagens\/as-aventuras-de-poliana-novela-250x167.jpg 250w, https:\/\/migracao.redenoticia.com.br\/noticia\/imagens\/as-aventuras-de-poliana-novela-150x100.jpg 150w, https:\/\/migracao.redenoticia.com.br\/noticia\/imagens\/as-aventuras-de-poliana-novela.jpg 600w\" sizes=\"auto, (max-width: 400px) 100vw, 400px\" \/><\/p>\n<p><strong><em>Resumo novela \u201cAs Aventuras de Poliana\u201d 24\/10<\/em><\/strong>: no cap\u00edtulo 377(*) da novela, quinta-feira, 24 de outubro, Ester sai de casa escondida e se passa como aluna na Ruth Goulart. Gl\u00f3ria avisa Marcelo que encontrou um tratamento alternativo para mem\u00f3ria no exterior, e quer que ele a acompanhe na viagem. Jo\u00e3o pergunta a Filipa se foi ela quem escreveu a cartinha. Os funcion\u00e1rios entram na O11O, veem as coisas reviradas e suspeitam de uma invas\u00e3o. Luca pergunta a Mirela se n\u00e3o h\u00e1 chances de #Lurela voltar. Guilherme diz a Raquel que sente falta da menina como sua namorada.<\/p>\n<p>Lindomar pede que Filipa, Paola e Yasmin tirem a jaqueta personalizada que fizeram para o clube das \u20183 Sis\u2019, pois s\u00f3 podem utilizar as roupas do uniforme. Luisa continua a investigar quem foi o respons\u00e1vel pelo roubo das joias de sua m\u00e3e. Ester tenta se esconder na escola, mas \u00e9 pega por Sara, que avisa Ruth. Os funcion\u00e1rios da O11O checam as c\u00e2meras de seguran\u00e7a para tentar identificar o invasor da empresa, e encontram algo suspeito. Yasmin conta a Hel\u00f4 sobre os boatos que est\u00e3o sendo espalhados sobre a doen\u00e7a de Poliana, e pede que ela fa\u00e7a algo a respeito.<\/p>\n<p>(*) edi\u00e7\u00e3o do SBT, Novela \u201cAs Aventuras de Poliana\u201d, sujeito a altera\u00e7\u00e3o de data e conte\u00fado.<\/p>\n<p>\u201cAs Aventuras de Poliana\u201d &#8211; Poliana \u00e9 uma menina extrovertida e de bom cora\u00e7\u00e3o que viajava o Brasil com seus pais, Lorenzo e Alice, no grupo circense Trupe Vagalume. Aos onze anos a garota v\u00ea seu mundo desabar quando seus pais falecem e ela tem que ir morar em S\u00e3o Paulo com sua tia Lu\u00edsa, uma mulher rica e severa, a qual ela n\u00e3o conhecia e que n\u00e3o queria cuidar dela, embora sinta que \u00e9 sua obriga\u00e7\u00e3o pela alma de sua irm\u00e3. <\/p>\n<p>Apesar do jeito da rigidez da tia, Poliana decide ter uma vis\u00e3o positiva e inabal\u00e1vel da vida, mesmo nos momentos de dificuldade, tentando levar um pouco de felicidade para a vida de cada um dos seus novos amigos e vizinhos, como o Sr. Pendleton, um homem rico e infeliz por nunca ter tido filhos. Ela vai estudar no col\u00e9gio de Ruth, uma diretora de bom cora\u00e7\u00e3o que a ajuda a se adaptar, mas tem que lidar com as vilanias de Mirela, garota mais velha que n\u00e3o aceita perder a popularidade para uma novata.<\/p>\n","protected":false},"excerpt":{"rendered":"<p>Resumo novela \u201cAs Aventuras de Poliana\u201d 24\/10: no cap\u00edtulo 377(*) da novela, quinta-feira, 24 de outubro, Ester sai de casa escondida e se passa como aluna na Ruth Goulart. Gl\u00f3ria avisa Marcelo que encontrou um tratamento alternativo para mem\u00f3ria no exterior, e quer que ele a acompanhe na viagem. Jo\u00e3o pergunta a Filipa se foi [&hellip;]<\/p>\n","protected":false},"author":2,"featured_media":148663,"comment_status":"open","ping_status":"closed","sticky":false,"template":"","format":"standard","meta":{"tdm_status":"","tdm_grid_status":"","footnotes":""},"categories":[477,379,372,343],"tags":[441],"class_list":{"0":"post-183700","1":"post","2":"type-post","3":"status-publish","4":"format-standard","5":"has-post-thumbnail","7":"category-as-aventuras-de-poliana","8":"category-novelas","9":"category-sbt","10":"category-televisao","11":"tag-resumo-do-dia"},"_links":{"self":[{"href":"https:\/\/migracao.redenoticia.com.br\/noticia\/wp-json\/wp\/v2\/posts\/183700","targetHints":{"allow":["GET"]}}],"collection":[{"href":"https:\/\/migracao.redenoticia.com.br\/noticia\/wp-json\/wp\/v2\/posts"}],"about":[{"href":"https:\/\/migracao.redenoticia.com.br\/noticia\/wp-json\/wp\/v2\/types\/post"}],"author":[{"embeddable":true,"href":"https:\/\/migracao.redenoticia.com.br\/noticia\/wp-json\/wp\/v2\/users\/2"}],"replies":[{"embeddable":true,"href":"https:\/\/migracao.redenoticia.com.br\/noticia\/wp-json\/wp\/v2\/comments?post=183700"}],"version-history":[{"count":0,"href":"https:\/\/migracao.redenoticia.com.br\/noticia\/wp-json\/wp\/v2\/posts\/183700\/revisions"}],"wp:featuredmedia":[{"embeddable":true,"href":"https:\/\/migracao.redenoticia.com.br\/noticia\/wp-json\/wp\/v2\/media\/148663"}],"wp:attachment":[{"href":"https:\/\/migracao.redenoticia.com.br\/noticia\/wp-json\/wp\/v2\/media?parent=183700"}],"wp:term":[{"taxonomy":"category","embeddable":true,"href":"https:\/\/migracao.redenoticia.com.br\/noticia\/wp-json\/wp\/v2\/categories?post=183700"},{"taxonomy":"post_tag","embeddable":true,"href":"https:\/\/migracao.redenoticia.com.br\/noticia\/wp-json\/wp\/v2\/tags?post=183700"}],"curies":[{"name":"wp","href":"https:\/\/api.w.org\/{rel}","templated":true}]}}