{"id":183749,"date":"2019-10-24T16:27:37","date_gmt":"2019-10-24T19:27:37","guid":{"rendered":"https:\/\/www.redenoticia.com.br\/noticia\/?p=183749"},"modified":"2019-10-24T16:27:37","modified_gmt":"2019-10-24T19:27:37","slug":"resumo-novela-cumplices-de-um-resgate-25-10-manuela-passa-horas-no-sereno","status":"publish","type":"post","link":"https:\/\/migracao.redenoticia.com.br\/noticia\/2019\/resumo-novela-cumplices-de-um-resgate-25-10-manuela-passa-horas-no-sereno\/183749","title":{"rendered":"Resumo novela \u201cC\u00famplices de um Resgate\u201d 25\/10: Manuela passa horas no sereno"},"content":{"rendered":"<p> <img loading=\"lazy\" decoding=\"async\" class=\"aligncenter size-large wp-image-164526\" src=\"https:\/\/migracao.redenoticia.com.br\/noticia\/imagens\/cumplices-de-um-resgate-001-316x300.jpg\" alt=\"\" width=\"316\" height=\"300\" srcset=\"https:\/\/migracao.redenoticia.com.br\/noticia\/imagens\/cumplices-de-um-resgate-001-316x300.jpg 316w, https:\/\/migracao.redenoticia.com.br\/noticia\/imagens\/cumplices-de-um-resgate-001-197x187.jpg 197w, https:\/\/migracao.redenoticia.com.br\/noticia\/imagens\/cumplices-de-um-resgate-001-150x143.jpg 150w, https:\/\/migracao.redenoticia.com.br\/noticia\/imagens\/cumplices-de-um-resgate-001.jpg 526w\" sizes=\"auto, (max-width: 316px) 100vw, 316px\" \/><\/p>\n<p><strong><em>Resumo novela \u201cC\u00famplices de um Resgate\u201d 25\/10<\/em><\/strong>: no cap\u00edtulo 211(*) da novela, sexta-feira, 25 de outubro, Helena se despede de Nina e Rebeca antes de ir para a cidade. Na gravadora, Vicente avisa que os c\u00famplices de um resgate dar\u00e3o uma entrevista em uma r\u00e1dio. Leticia diz para Julia e Felipe que n\u00e3o gosta de Bira, pois gosta de homens mais duros e misteriosos e menos grudentos. Os dois avisam Bira. Manuela sofre ao limpar as janelas de casa e passa frio ap\u00f3s horas no sereno. Manuela espirra e Regina grita para ela ir ao quarto. Isabela conta para Mateus, T\u00e9o e D\u00f3ris que cabulou aula. As crian\u00e7as estranham. Rebeca vai at\u00e9 a On-Enterprise e \u00e9 recebido bem por Safira, o que causa estranheza.<\/p>\n<p>Manuela est\u00e1 ardendo em febre e Of\u00e9lio fica preocupado. Safira pede para Lurdinha reservar um restaurante japon\u00eas para Ot\u00e1vio e Rebeca almo\u00e7arem. Helena est\u00e1 na cidade a procura de um \u00f4nibus que a leve para o zool\u00f3gico. Sabrina conta para Flavia que Manuela mentiu sobre passar mal para cabular e ir no haras com Omar. Flavia diz que ir\u00e1 verificar, mas que ela n\u00e3o est\u00e1 certa em fazer fofoca. Regina acha que um rem\u00e9dio basta para Manuela melhorar. Helena liga para Fausto, que conheceu outro dia na cidade e pede ajuda para ele. Fausto vai de moto e a leva para o zool\u00f3gico. Flavia conversa com Manuela sobre ela ter cabulado aula.<\/p>\n<p>Of\u00e9lio desobedece Regina sobre levar Manuela ao hospital, pois a febre n\u00e3o acabou. Regina acaba permitindo. Fausto diz que Helena \u00e9 muito bonita e ela fica sem gra\u00e7a. Isabela chega acusando Mateus, D\u00f3ris e T\u00e9o de terem lhe entregue para a professora. Sabrina pergunta para Omar se ele a trocou por Manuela, que na verdade \u00e9 Isabela. O garoto diz que ela \u00e9 no m\u00e1ximo colega de escola. Regina liga para Geraldo e conta que Manuela est\u00e1 internada no hospital com pneumonia.<\/p>\n<p>(*) edi\u00e7\u00e3o do SBT, Novela \u201cC\u00famplices de um Resgate\u201d, sujeito a altera\u00e7\u00e3o de data e conte\u00fado.<\/p>\n<p>\u201cC\u00famplices de um Resgate\u201d &#8211; Duas irm\u00e3s g\u00eameas univitelinas que foram separadas ap\u00f3s nascimento, se reencontram somente ap\u00f3s doze anos. Manuela, uma das g\u00eameas, \u00e9 doce, meiga, gentil, e muito talentosa para a m\u00fasica e tem uma voz encantadora. Vive uma vida feliz no Vilarejo dos Sonhos, onde mora com sua av\u00f3 Nina, sua tia Helena e sua m\u00e3e Rebeca, que d\u00e1 muito amor e carinho a filha por ela nunca ter tido um pai, e ela \u00e9 a m\u00e3e biol\u00f3gica das duas garotas, mas nunca soube que teve g\u00eameas.<\/p>\n","protected":false},"excerpt":{"rendered":"<p>Resumo novela \u201cC\u00famplices de um Resgate\u201d 25\/10: no cap\u00edtulo 211(*) da novela, sexta-feira, 25 de outubro, Helena se despede de Nina e Rebeca antes de ir para a cidade. Na gravadora, Vicente avisa que os c\u00famplices de um resgate dar\u00e3o uma entrevista em uma r\u00e1dio. Leticia diz para Julia e Felipe que n\u00e3o gosta de [&hellip;]<\/p>\n","protected":false},"author":2,"featured_media":164525,"comment_status":"open","ping_status":"closed","sticky":false,"template":"","format":"standard","meta":{"tdm_status":"","tdm_grid_status":"","footnotes":""},"categories":[379,372,343],"tags":[441],"class_list":{"0":"post-183749","1":"post","2":"type-post","3":"status-publish","4":"format-standard","5":"has-post-thumbnail","7":"category-novelas","8":"category-sbt","9":"category-televisao","10":"tag-resumo-do-dia"},"_links":{"self":[{"href":"https:\/\/migracao.redenoticia.com.br\/noticia\/wp-json\/wp\/v2\/posts\/183749","targetHints":{"allow":["GET"]}}],"collection":[{"href":"https:\/\/migracao.redenoticia.com.br\/noticia\/wp-json\/wp\/v2\/posts"}],"about":[{"href":"https:\/\/migracao.redenoticia.com.br\/noticia\/wp-json\/wp\/v2\/types\/post"}],"author":[{"embeddable":true,"href":"https:\/\/migracao.redenoticia.com.br\/noticia\/wp-json\/wp\/v2\/users\/2"}],"replies":[{"embeddable":true,"href":"https:\/\/migracao.redenoticia.com.br\/noticia\/wp-json\/wp\/v2\/comments?post=183749"}],"version-history":[{"count":0,"href":"https:\/\/migracao.redenoticia.com.br\/noticia\/wp-json\/wp\/v2\/posts\/183749\/revisions"}],"wp:featuredmedia":[{"embeddable":true,"href":"https:\/\/migracao.redenoticia.com.br\/noticia\/wp-json\/wp\/v2\/media\/164525"}],"wp:attachment":[{"href":"https:\/\/migracao.redenoticia.com.br\/noticia\/wp-json\/wp\/v2\/media?parent=183749"}],"wp:term":[{"taxonomy":"category","embeddable":true,"href":"https:\/\/migracao.redenoticia.com.br\/noticia\/wp-json\/wp\/v2\/categories?post=183749"},{"taxonomy":"post_tag","embeddable":true,"href":"https:\/\/migracao.redenoticia.com.br\/noticia\/wp-json\/wp\/v2\/tags?post=183749"}],"curies":[{"name":"wp","href":"https:\/\/api.w.org\/{rel}","templated":true}]}}