{"id":1838,"date":"2009-05-20T18:21:12","date_gmt":"2009-05-20T22:21:12","guid":{"rendered":"http:\/\/www.redenoticia.com.br\/noticia\/?p=1838"},"modified":"2009-05-20T18:21:12","modified_gmt":"2009-05-20T22:21:12","slug":"social-do-rede-noticia-abracos-desta-quinta-21-vao-para%e2%80%a6","status":"publish","type":"post","link":"https:\/\/migracao.redenoticia.com.br\/noticia\/2009\/social-do-rede-noticia-abracos-desta-quinta-21-vao-para%e2%80%a6\/1838","title":{"rendered":"Social do Rede Not\u00edcia &#8211; Abra\u00e7os desta quinta (21) v\u00e3o para\u2026"},"content":{"rendered":"<p><span style=\"font-family: Arial; color: windowtext;\">&#8211; abra\u00e7o aos leitores ass\u00edduos;<\/span><\/p>\n<p><span style=\"font-family: Arial; color: windowtext;\">&#8211; Sineide Muller, Representante de Ensino, pela paix\u00e3o por tudo o que faz;<\/span><\/p>\n<p><span style=\"font-family: Arial; color: windowtext;\">&#8211; equipe da REN, T\u00e2nia e todos os envolvidos na organiza\u00e7\u00e3o dos Jogos Escolares;<\/span><\/p>\n<p><span style=\"font-family: Arial; color: windowtext;\">&#8211; ao Juiz Jo\u00e3o Val\u00e9rio, pelo envolvimento com as causas sociais.<\/span><\/p>\n<p><span style=\"font-family: Arial; color: windowtext;\">Aproveite para mandar o seu abra\u00e7o atrav\u00e9s do campo abaixo \u201cComent\u00e1rios\u201d. <\/span><\/p>\n<p><span style=\"font-family: Arial; color: windowtext;\">Mande que n\u00f3s publicamos.<\/span><\/p>\n","protected":false},"excerpt":{"rendered":"<p>&#8211; abra\u00e7o aos leitores ass\u00edduos; &#8211; Sineide Muller, Representante de Ensino, pela paix\u00e3o por tudo o que faz; &#8211; equipe da REN, T\u00e2nia e todos os envolvidos na organiza\u00e7\u00e3o dos Jogos Escolares; &#8211; ao Juiz Jo\u00e3o Val\u00e9rio, pelo envolvimento com as causas sociais. Aproveite para mandar o seu abra\u00e7o atrav\u00e9s do campo abaixo \u201cComent\u00e1rios\u201d. Mande [&hellip;]<\/p>\n","protected":false},"author":3,"featured_media":0,"comment_status":"open","ping_status":"open","sticky":false,"template":"","format":"standard","meta":{"tdm_status":"","tdm_grid_status":"","footnotes":""},"categories":[22],"tags":[],"class_list":{"0":"post-1838","1":"post","2":"type-post","3":"status-publish","4":"format-standard","6":"category-brasil"},"_links":{"self":[{"href":"https:\/\/migracao.redenoticia.com.br\/noticia\/wp-json\/wp\/v2\/posts\/1838","targetHints":{"allow":["GET"]}}],"collection":[{"href":"https:\/\/migracao.redenoticia.com.br\/noticia\/wp-json\/wp\/v2\/posts"}],"about":[{"href":"https:\/\/migracao.redenoticia.com.br\/noticia\/wp-json\/wp\/v2\/types\/post"}],"author":[{"embeddable":true,"href":"https:\/\/migracao.redenoticia.com.br\/noticia\/wp-json\/wp\/v2\/users\/3"}],"replies":[{"embeddable":true,"href":"https:\/\/migracao.redenoticia.com.br\/noticia\/wp-json\/wp\/v2\/comments?post=1838"}],"version-history":[{"count":0,"href":"https:\/\/migracao.redenoticia.com.br\/noticia\/wp-json\/wp\/v2\/posts\/1838\/revisions"}],"wp:attachment":[{"href":"https:\/\/migracao.redenoticia.com.br\/noticia\/wp-json\/wp\/v2\/media?parent=1838"}],"wp:term":[{"taxonomy":"category","embeddable":true,"href":"https:\/\/migracao.redenoticia.com.br\/noticia\/wp-json\/wp\/v2\/categories?post=1838"},{"taxonomy":"post_tag","embeddable":true,"href":"https:\/\/migracao.redenoticia.com.br\/noticia\/wp-json\/wp\/v2\/tags?post=1838"}],"curies":[{"name":"wp","href":"https:\/\/api.w.org\/{rel}","templated":true}]}}