{"id":183829,"date":"2019-10-26T17:44:59","date_gmt":"2019-10-26T20:44:59","guid":{"rendered":"https:\/\/www.redenoticia.com.br\/noticia\/?p=183829"},"modified":"2019-10-26T17:44:59","modified_gmt":"2019-10-26T20:44:59","slug":"resumo-novela-a-que-nao-podia-amar-28-10-ana-paula-bate-em-cintia","status":"publish","type":"post","link":"https:\/\/migracao.redenoticia.com.br\/noticia\/2019\/resumo-novela-a-que-nao-podia-amar-28-10-ana-paula-bate-em-cintia\/183829","title":{"rendered":"Resumo novela \u201cA Que N\u00e3o Podia Amar\u201d 28\/10: Ana Paula bate em C\u00edntia"},"content":{"rendered":"<p> <img loading=\"lazy\" decoding=\"async\" class=\"aligncenter size-large wp-image-173635\" src=\"https:\/\/migracao.redenoticia.com.br\/noticia\/imagens\/a-que-nao-podia-amar-400x271.jpg\" alt=\"\" width=\"400\" height=\"271\" srcset=\"https:\/\/migracao.redenoticia.com.br\/noticia\/imagens\/a-que-nao-podia-amar-400x271.jpg 400w, https:\/\/migracao.redenoticia.com.br\/noticia\/imagens\/a-que-nao-podia-amar-250x169.jpg 250w, https:\/\/migracao.redenoticia.com.br\/noticia\/imagens\/a-que-nao-podia-amar-560x379.jpg 560w, https:\/\/migracao.redenoticia.com.br\/noticia\/imagens\/a-que-nao-podia-amar.jpg 620w\" sizes=\"auto, (max-width: 400px) 100vw, 400px\" \/><\/p>\n<p><strong><em>Resumo da novela \u201cA Que N\u00e3o Podia Amar\u201d<\/em><\/strong> em 28\/10: no cap\u00edtulo 146(*) da novela, segunda-feira, 28 de outubro, Rog\u00e9rio adverte a Bruno que vai arruin\u00e1-lo por sua trai\u00e7\u00e3o. Maria entrega a carta de Elias para Rog\u00e9rio. Rog\u00e9rio diz a C\u00edntia que j\u00e1 sabe que ela tentou matar Ana Paula e que vai contar para Gustavo, mas a mo\u00e7a implora para que o irm\u00e3o n\u00e3o conte nada. Por outro lado, Rog\u00e9rio avisa a Bruno que far\u00e1 uma auditoria. C\u00edntia vai \u00e0 cadeia para repreender Maria por t\u00ea-la tra\u00eddo ao dar a carta que Elias lhe deixou para Rog\u00e9rio.<\/p>\n<p>Mais tarde, Rog\u00e9rio conversa com Gustavo, diz para ele precisa saber da verdade e conta que o filho dele e de Ana Paula n\u00e3o morreu por acidente. Gustavo diz a Ana Paula que perdeu seu filho por culpa de C\u00edntia, j\u00e1 que esta tentou mat\u00e1-la. Mais tarde, Ana Paula recrimina C\u00edntia por ter matado seu filho e a agarra a bofetadas. Por outro lado, Ana diz a Rog\u00e9rio que foi terr\u00edvel o que C\u00edntia fez, o fazendeiro responde que sua irm\u00e3 n\u00e3o tem perd\u00e3o.<\/p>\n<p>(*) edi\u00e7\u00e3o do SBT, Novela \u201cA Que N\u00e3o Podia Amar\u201d, sujeito a altera\u00e7\u00e3o de data e conte\u00fado.<\/p>\n<p>&#8220;A Que N\u00e3o Podia Amar&#8221;- Ana Paula, uma enfermeira humilde que se v\u00ea obrigada a trabalhar na casa de Rog\u00e9rio Montero (Jorge Salinas), um homem amargurado. Rog\u00e9rio sofre por ser parapl\u00e9gico e destrata todas as pessoas. Ana Paula atura tudo calada e o rica\u00e7o se apaixona por ela.<\/p>\n<p>Ana conhece Gustavo Duran (Jos\u00e9 Ron), um engenheiro nobre e trabalhador. Os dois se apaixonam, mas ter\u00e3o de enfrentar Rog\u00e9rio, j\u00e1 que ele tamb\u00e9m gosta da mocinha, formando assim, um tri\u00e2ngulo amoroso com terr\u00edveis consequ\u00eancias.<\/p>\n","protected":false},"excerpt":{"rendered":"<p>Resumo da novela \u201cA Que N\u00e3o Podia Amar\u201d em 28\/10: no cap\u00edtulo 146(*) da novela, segunda-feira, 28 de outubro, Rog\u00e9rio adverte a Bruno que vai arruin\u00e1-lo por sua trai\u00e7\u00e3o. Maria entrega a carta de Elias para Rog\u00e9rio. Rog\u00e9rio diz a C\u00edntia que j\u00e1 sabe que ela tentou matar Ana Paula e que vai contar para [&hellip;]<\/p>\n","protected":false},"author":2,"featured_media":173627,"comment_status":"open","ping_status":"closed","sticky":false,"template":"","format":"standard","meta":{"tdm_status":"","tdm_grid_status":"","footnotes":""},"categories":[379,372,343],"tags":[441],"class_list":{"0":"post-183829","1":"post","2":"type-post","3":"status-publish","4":"format-standard","5":"has-post-thumbnail","7":"category-novelas","8":"category-sbt","9":"category-televisao","10":"tag-resumo-do-dia"},"_links":{"self":[{"href":"https:\/\/migracao.redenoticia.com.br\/noticia\/wp-json\/wp\/v2\/posts\/183829","targetHints":{"allow":["GET"]}}],"collection":[{"href":"https:\/\/migracao.redenoticia.com.br\/noticia\/wp-json\/wp\/v2\/posts"}],"about":[{"href":"https:\/\/migracao.redenoticia.com.br\/noticia\/wp-json\/wp\/v2\/types\/post"}],"author":[{"embeddable":true,"href":"https:\/\/migracao.redenoticia.com.br\/noticia\/wp-json\/wp\/v2\/users\/2"}],"replies":[{"embeddable":true,"href":"https:\/\/migracao.redenoticia.com.br\/noticia\/wp-json\/wp\/v2\/comments?post=183829"}],"version-history":[{"count":0,"href":"https:\/\/migracao.redenoticia.com.br\/noticia\/wp-json\/wp\/v2\/posts\/183829\/revisions"}],"wp:featuredmedia":[{"embeddable":true,"href":"https:\/\/migracao.redenoticia.com.br\/noticia\/wp-json\/wp\/v2\/media\/173627"}],"wp:attachment":[{"href":"https:\/\/migracao.redenoticia.com.br\/noticia\/wp-json\/wp\/v2\/media?parent=183829"}],"wp:term":[{"taxonomy":"category","embeddable":true,"href":"https:\/\/migracao.redenoticia.com.br\/noticia\/wp-json\/wp\/v2\/categories?post=183829"},{"taxonomy":"post_tag","embeddable":true,"href":"https:\/\/migracao.redenoticia.com.br\/noticia\/wp-json\/wp\/v2\/tags?post=183829"}],"curies":[{"name":"wp","href":"https:\/\/api.w.org\/{rel}","templated":true}]}}