{"id":183851,"date":"2019-10-26T18:21:01","date_gmt":"2019-10-26T21:21:01","guid":{"rendered":"https:\/\/www.redenoticia.com.br\/noticia\/?p=183851"},"modified":"2019-10-26T18:30:06","modified_gmt":"2019-10-26T21:30:06","slug":"novela-a-dona-do-pedaco-camilo-desconfia-que-berta-protege-vivi","status":"publish","type":"post","link":"https:\/\/migracao.redenoticia.com.br\/noticia\/2019\/novela-a-dona-do-pedaco-camilo-desconfia-que-berta-protege-vivi\/183851","title":{"rendered":"Novela \u201cA Dona do Peda\u00e7o\u201d: Camilo desconfia que Berta protege Vivi"},"content":{"rendered":"<p><img loading=\"lazy\" decoding=\"async\" src=\"https:\/\/migracao.redenoticia.com.br\/noticia\/imagens\/A-Dona-do-Pedaco-globo-resumo-314x300.jpg\" alt=\"\" width=\"314\" height=\"300\" class=\"aligncenter size-large wp-image-175348\" srcset=\"https:\/\/migracao.redenoticia.com.br\/noticia\/imagens\/A-Dona-do-Pedaco-globo-resumo-314x300.jpg 314w, https:\/\/migracao.redenoticia.com.br\/noticia\/imagens\/A-Dona-do-Pedaco-globo-resumo-196x187.jpg 196w, https:\/\/migracao.redenoticia.com.br\/noticia\/imagens\/A-Dona-do-Pedaco-globo-resumo.jpg 457w\" sizes=\"auto, (max-width: 314px) 100vw, 314px\" \/><strong><em>Novela &#8220;A Dona do Peda\u00e7o\u201d:<\/em><\/strong> Berta (Ana L\u00facia Torre) foi contratada por Camilo (Lee Taylor) para controlar a vida de Vivi (Paolla Oliveira). Ap\u00f3s mais uma briga do casal, Vivi declara que nunca vai dormir com seu marido e Berta conclui: \u201cUm casal que dorme em quartos separados n\u00e3o \u00e9 realmente um casal\u201d. Camilo reage: \u201cAt\u00e9 voc\u00ea, Berta?\u201d.<\/p>\n<p>Ela defende sua opini\u00e3o: \u201cS\u00f3 expressei minha opini\u00e3o. Casamento \u00e9 casamento. Se voc\u00eas vivem essa contradi\u00e7\u00e3o, talvez fosse o caso de desistir da Vivi, seu Camilo\u201d. O policial desconfia: \u201cQue t\u00e1 dizendo, Berta? Eu cada vez desconfio mais de que n\u00e3o est\u00e1 do meu lado\u2026\u201d. Vivi defende a aliada e fica curiosa: \u201cA Berta tem raz\u00e3o\u2026 por que insiste nesse casamento absurdo?\u201d. Camilo esclarece: \u201cInsisto porque voc\u00ea \u00e9 minha. T\u00e1 tendo dificuldade, mas um dia vai compreender isso e seremos felizes. O primeiro passo pra nossa felicidade, \u00e9 permitir que eu passe a dormir no seu quarto. Na sua cama\u201d. Cena prevista para dia 04 de novembro na novela \u201cA Dona do Peda\u00e7o\u201d.<\/p>\n<p>\u201cA Dona do Peda\u00e7o\u201d: a novela enaltece a trajet\u00f3ria de Maria da Paz (Juliana Paes), uma jovem humilde, da cidade fict\u00edcia de Rio Vermelho, no Esp\u00edrito Santo. Maria vem de uma fam\u00edlia de justiceiros profissionais, os Ramirez, e se apaixona justamente por Amadeu (Marcos Palmeira), advogado formado em Vit\u00f3ria e membro do cl\u00e3 rival nos neg\u00f3cios, os Matheus. A trama, dividida em um pr\u00f3logo e duas fases, traz uma hist\u00f3ria de amor com elementos \u00e0 Romeu e Julieta, sem perder o humor, que permeia todo o folhetim.<\/p>\n","protected":false},"excerpt":{"rendered":"<p>Novela &#8220;A Dona do Peda\u00e7o\u201d: Berta (Ana L\u00facia Torre) foi contratada por Camilo (Lee Taylor) para controlar a vida de Vivi (Paolla Oliveira). Ap\u00f3s mais uma briga do casal, Vivi declara que nunca vai dormir com seu marido e Berta conclui: \u201cUm casal que dorme em quartos separados n\u00e3o \u00e9 realmente um casal\u201d. Camilo reage: [&hellip;]<\/p>\n","protected":false},"author":2,"featured_media":176787,"comment_status":"open","ping_status":"closed","sticky":false,"template":"","format":"standard","meta":{"tdm_status":"","tdm_grid_status":"","footnotes":""},"categories":[543,388,379,375,343],"tags":[440],"class_list":{"0":"post-183851","1":"post","2":"type-post","3":"status-publish","4":"format-standard","5":"has-post-thumbnail","7":"category-a-dona-do-pedaco","8":"category-destaques","9":"category-novelas","10":"category-rede-globo","11":"category-televisao","12":"tag-noticia-novela"},"_links":{"self":[{"href":"https:\/\/migracao.redenoticia.com.br\/noticia\/wp-json\/wp\/v2\/posts\/183851","targetHints":{"allow":["GET"]}}],"collection":[{"href":"https:\/\/migracao.redenoticia.com.br\/noticia\/wp-json\/wp\/v2\/posts"}],"about":[{"href":"https:\/\/migracao.redenoticia.com.br\/noticia\/wp-json\/wp\/v2\/types\/post"}],"author":[{"embeddable":true,"href":"https:\/\/migracao.redenoticia.com.br\/noticia\/wp-json\/wp\/v2\/users\/2"}],"replies":[{"embeddable":true,"href":"https:\/\/migracao.redenoticia.com.br\/noticia\/wp-json\/wp\/v2\/comments?post=183851"}],"version-history":[{"count":0,"href":"https:\/\/migracao.redenoticia.com.br\/noticia\/wp-json\/wp\/v2\/posts\/183851\/revisions"}],"wp:featuredmedia":[{"embeddable":true,"href":"https:\/\/migracao.redenoticia.com.br\/noticia\/wp-json\/wp\/v2\/media\/176787"}],"wp:attachment":[{"href":"https:\/\/migracao.redenoticia.com.br\/noticia\/wp-json\/wp\/v2\/media?parent=183851"}],"wp:term":[{"taxonomy":"category","embeddable":true,"href":"https:\/\/migracao.redenoticia.com.br\/noticia\/wp-json\/wp\/v2\/categories?post=183851"},{"taxonomy":"post_tag","embeddable":true,"href":"https:\/\/migracao.redenoticia.com.br\/noticia\/wp-json\/wp\/v2\/tags?post=183851"}],"curies":[{"name":"wp","href":"https:\/\/api.w.org\/{rel}","templated":true}]}}