{"id":183880,"date":"2019-10-28T12:33:48","date_gmt":"2019-10-28T15:33:48","guid":{"rendered":"https:\/\/www.redenoticia.com.br\/noticia\/?p=183880"},"modified":"2019-10-28T12:33:48","modified_gmt":"2019-10-28T15:33:48","slug":"resumo-novela-a-que-nao-podia-amar-29-10-bruno-e-surpreendido-com-auditoria","status":"publish","type":"post","link":"https:\/\/migracao.redenoticia.com.br\/noticia\/2019\/resumo-novela-a-que-nao-podia-amar-29-10-bruno-e-surpreendido-com-auditoria\/183880","title":{"rendered":"Resumo novela \u201cA Que N\u00e3o Podia Amar\u201d 29\/10: Bruno \u00e9 surpreendido com auditoria"},"content":{"rendered":"<p><img loading=\"lazy\" decoding=\"async\" class=\"aligncenter size-large wp-image-173635\" src=\"https:\/\/migracao.redenoticia.com.br\/noticia\/imagens\/a-que-nao-podia-amar-400x271.jpg\" alt=\"\" width=\"400\" height=\"271\" srcset=\"https:\/\/migracao.redenoticia.com.br\/noticia\/imagens\/a-que-nao-podia-amar-400x271.jpg 400w, https:\/\/migracao.redenoticia.com.br\/noticia\/imagens\/a-que-nao-podia-amar-250x169.jpg 250w, https:\/\/migracao.redenoticia.com.br\/noticia\/imagens\/a-que-nao-podia-amar-560x379.jpg 560w, https:\/\/migracao.redenoticia.com.br\/noticia\/imagens\/a-que-nao-podia-amar.jpg 620w\" sizes=\"auto, (max-width: 400px) 100vw, 400px\" \/><\/p>\n<p><strong><em>Resumo da novela \u201cA Que N\u00e3o Podia Amar\u201d<\/em><\/strong> em 29\/10: no cap\u00edtulo 147(*) da novela, ter\u00e7a-feira, 29 de outubro, enquanto isso, C\u00edntia implora a Gustavo que n\u00e3o a denuncie e diz estar disposta a lhe entregar sua filha, mas ele recusa a proposta e diz que ir\u00e1 com Ana Paula na pol\u00edcia. Pouco depois, Gustavo e Ana Paula v\u00e3o na cadeia visitar Maria e avis\u00e1-la que v\u00e3o denunciar C\u00edntia pelo assassinato de seu filho, pois ela n\u00e3o pode ficar impune.<\/p>\n<p>Rog\u00e9rio descobre uma liga\u00e7\u00e3o que compromete Vanessa e diz a Ana Paula que suspeita que ela e Bruno tenham algo a ver com os neg\u00f3cios que n\u00e3o conseguiram fechar. Bruno \u00e9 surpreendido no momento que lhe informam que ter\u00e1 uma auditoria por parte de Rog\u00e9rio. Mais tarde, Gustavo procura C\u00edntia por toda a fazenda. Enquanto isso, C\u00edntia tenta fugir, acaba sangrando e sofre um desmaio.<\/p>\n<p>(*) edi\u00e7\u00e3o do SBT, Novela \u201cA Que N\u00e3o Podia Amar\u201d, sujeito a altera\u00e7\u00e3o de data e conte\u00fado.<\/p>\n<p>&#8220;A Que N\u00e3o Podia Amar&#8221;- Ana Paula, uma enfermeira humilde que se v\u00ea obrigada a trabalhar na casa de Rog\u00e9rio Montero (Jorge Salinas), um homem amargurado. Rog\u00e9rio sofre por ser parapl\u00e9gico e destrata todas as pessoas. Ana Paula atura tudo calada e o rica\u00e7o se apaixona por ela.<\/p>\n<p>Ana conhece Gustavo Duran (Jos\u00e9 Ron), um engenheiro nobre e trabalhador. Os dois se apaixonam, mas ter\u00e3o de enfrentar Rog\u00e9rio, j\u00e1 que ele tamb\u00e9m gosta da mocinha, formando assim, um tri\u00e2ngulo amoroso com terr\u00edveis consequ\u00eancias.<\/p>\n","protected":false},"excerpt":{"rendered":"<p>Resumo da novela \u201cA Que N\u00e3o Podia Amar\u201d em 29\/10: no cap\u00edtulo 147(*) da novela, ter\u00e7a-feira, 29 de outubro, enquanto isso, C\u00edntia implora a Gustavo que n\u00e3o a denuncie e diz estar disposta a lhe entregar sua filha, mas ele recusa a proposta e diz que ir\u00e1 com Ana Paula na pol\u00edcia. Pouco depois, Gustavo [&hellip;]<\/p>\n","protected":false},"author":4,"featured_media":173627,"comment_status":"open","ping_status":"closed","sticky":false,"template":"","format":"standard","meta":{"tdm_status":"","tdm_grid_status":"","footnotes":""},"categories":[379,372,343],"tags":[441],"class_list":{"0":"post-183880","1":"post","2":"type-post","3":"status-publish","4":"format-standard","5":"has-post-thumbnail","7":"category-novelas","8":"category-sbt","9":"category-televisao","10":"tag-resumo-do-dia"},"_links":{"self":[{"href":"https:\/\/migracao.redenoticia.com.br\/noticia\/wp-json\/wp\/v2\/posts\/183880","targetHints":{"allow":["GET"]}}],"collection":[{"href":"https:\/\/migracao.redenoticia.com.br\/noticia\/wp-json\/wp\/v2\/posts"}],"about":[{"href":"https:\/\/migracao.redenoticia.com.br\/noticia\/wp-json\/wp\/v2\/types\/post"}],"author":[{"embeddable":true,"href":"https:\/\/migracao.redenoticia.com.br\/noticia\/wp-json\/wp\/v2\/users\/4"}],"replies":[{"embeddable":true,"href":"https:\/\/migracao.redenoticia.com.br\/noticia\/wp-json\/wp\/v2\/comments?post=183880"}],"version-history":[{"count":0,"href":"https:\/\/migracao.redenoticia.com.br\/noticia\/wp-json\/wp\/v2\/posts\/183880\/revisions"}],"wp:featuredmedia":[{"embeddable":true,"href":"https:\/\/migracao.redenoticia.com.br\/noticia\/wp-json\/wp\/v2\/media\/173627"}],"wp:attachment":[{"href":"https:\/\/migracao.redenoticia.com.br\/noticia\/wp-json\/wp\/v2\/media?parent=183880"}],"wp:term":[{"taxonomy":"category","embeddable":true,"href":"https:\/\/migracao.redenoticia.com.br\/noticia\/wp-json\/wp\/v2\/categories?post=183880"},{"taxonomy":"post_tag","embeddable":true,"href":"https:\/\/migracao.redenoticia.com.br\/noticia\/wp-json\/wp\/v2\/tags?post=183880"}],"curies":[{"name":"wp","href":"https:\/\/api.w.org\/{rel}","templated":true}]}}