{"id":183882,"date":"2019-10-28T12:35:46","date_gmt":"2019-10-28T15:35:46","guid":{"rendered":"https:\/\/www.redenoticia.com.br\/noticia\/?p=183882"},"modified":"2019-10-28T12:35:46","modified_gmt":"2019-10-28T15:35:46","slug":"resumo-novela-as-aventuras-de-poliana-29-10-gremio-comeca-a-trabalhar-no-projeto-anti-bullying","status":"publish","type":"post","link":"https:\/\/migracao.redenoticia.com.br\/noticia\/2019\/resumo-novela-as-aventuras-de-poliana-29-10-gremio-comeca-a-trabalhar-no-projeto-anti-bullying\/183882","title":{"rendered":"Resumo novela \u201cAs Aventuras de Poliana\u201d 29\/10: Gr\u00eamio come\u00e7a a trabalhar no projeto anti-bullying"},"content":{"rendered":"<p><img loading=\"lazy\" decoding=\"async\" class=\"aligncenter size-large wp-image-148662\" src=\"https:\/\/migracao.redenoticia.com.br\/noticia\/imagens\/as-aventuras-de-poliana-novela-400x267.jpg\" alt=\"\" width=\"400\" height=\"267\" srcset=\"https:\/\/migracao.redenoticia.com.br\/noticia\/imagens\/as-aventuras-de-poliana-novela-400x267.jpg 400w, https:\/\/migracao.redenoticia.com.br\/noticia\/imagens\/as-aventuras-de-poliana-novela-250x167.jpg 250w, https:\/\/migracao.redenoticia.com.br\/noticia\/imagens\/as-aventuras-de-poliana-novela-150x100.jpg 150w, https:\/\/migracao.redenoticia.com.br\/noticia\/imagens\/as-aventuras-de-poliana-novela.jpg 600w\" sizes=\"auto, (max-width: 400px) 100vw, 400px\" \/><\/p>\n<p><strong><em>Resumo novela \u201cAs Aventuras de Poliana\u201d 29\/10<\/em><\/strong>: no cap\u00edtulo 380(*) da novela, ter\u00e7a-feira, 29 de outubro, para confirmar a veracidade, Luisa insiste que seja feito um outro exame de DNA. Filipa arma um plano para descobrir quem \u00e9 a admiradora secreta de Jo\u00e3o. Poliana sugere ao gr\u00eamio um projeto para acabar com o bullying no col\u00e9gio denominado \u2018Esquadr\u00e3o Anti-Bullying\u2019. Ruth e Hel\u00f4 confabulam ideias para conter o bullying no col\u00e9gio. Roger tenta mais uma vez convencer os investidores de que OTTO deve sair da empresa. Pendleton conversa com Waldisney e planeja o melhor momento para contra-atacar as trapa\u00e7as de Nadine.<\/p>\n<p>As crian\u00e7as do Clubinho desconfiam de que Ester possa ser uma Android e come\u00e7am a investiga-la. Kessya conta para a m\u00e3e sobre seu sonho em fazer parte da Companhia de Dan\u00e7a. Os alunos do gr\u00eamio come\u00e7am a trabalhar no projeto anti-bullying. Ruth e Hel\u00f4 chamam Eric e Hugo na diretoria para repreende-los. Jeff e Guilherme continuam brigados, e os amigos insistem para que eles fa\u00e7am as pazes. Durval avisa Fernanda sobre seus planos com Cl\u00e1udia, e pergunta se ela pensa em procurar outra casa. Pendleton procura Nadine e pede para que ela pare com seus ataques contra a empresa. Roger vai at\u00e9 a casa de Gl\u00f3ria para procurar documentos, mas \u00e9 interrompido por Ant\u00f4nio. Hel\u00f4 pede que os alunos come\u00e7em a trabalhar em projetos contra o bullying.<\/p>\n<p>(*) edi\u00e7\u00e3o do SBT, Novela \u201cAs Aventuras de Poliana\u201d, sujeito a altera\u00e7\u00e3o de data e conte\u00fado.<\/p>\n<p>\u201cAs Aventuras de Poliana\u201d &#8211; Poliana \u00e9 uma menina extrovertida e de bom cora\u00e7\u00e3o que viajava o Brasil com seus pais, Lorenzo e Alice, no grupo circense Trupe Vagalume. Aos onze anos a garota v\u00ea seu mundo desabar quando seus pais falecem e ela tem que ir morar em S\u00e3o Paulo com sua tia Lu\u00edsa, uma mulher rica e severa, a qual ela n\u00e3o conhecia e que n\u00e3o queria cuidar dela, embora sinta que \u00e9 sua obriga\u00e7\u00e3o pela alma de sua irm\u00e3. <\/p>\n<p>Apesar do jeito da rigidez da tia, Poliana decide ter uma vis\u00e3o positiva e inabal\u00e1vel da vida, mesmo nos momentos de dificuldade, tentando levar um pouco de felicidade para a vida de cada um dos seus novos amigos e vizinhos, como o Sr. Pendleton, um homem rico e infeliz por nunca ter tido filhos. Ela vai estudar no col\u00e9gio de Ruth, uma diretora de bom cora\u00e7\u00e3o que a ajuda a se adaptar, mas tem que lidar com as vilanias de Mirela, garota mais velha que n\u00e3o aceita perder a popularidade para uma novata.<\/p>\n","protected":false},"excerpt":{"rendered":"<p>Resumo novela \u201cAs Aventuras de Poliana\u201d 29\/10: no cap\u00edtulo 380(*) da novela, ter\u00e7a-feira, 29 de outubro, para confirmar a veracidade, Luisa insiste que seja feito um outro exame de DNA. Filipa arma um plano para descobrir quem \u00e9 a admiradora secreta de Jo\u00e3o. Poliana sugere ao gr\u00eamio um projeto para acabar com o bullying no [&hellip;]<\/p>\n","protected":false},"author":4,"featured_media":148663,"comment_status":"open","ping_status":"closed","sticky":false,"template":"","format":"standard","meta":{"tdm_status":"","tdm_grid_status":"","footnotes":""},"categories":[477,379,372,343],"tags":[441],"class_list":{"0":"post-183882","1":"post","2":"type-post","3":"status-publish","4":"format-standard","5":"has-post-thumbnail","7":"category-as-aventuras-de-poliana","8":"category-novelas","9":"category-sbt","10":"category-televisao","11":"tag-resumo-do-dia"},"_links":{"self":[{"href":"https:\/\/migracao.redenoticia.com.br\/noticia\/wp-json\/wp\/v2\/posts\/183882","targetHints":{"allow":["GET"]}}],"collection":[{"href":"https:\/\/migracao.redenoticia.com.br\/noticia\/wp-json\/wp\/v2\/posts"}],"about":[{"href":"https:\/\/migracao.redenoticia.com.br\/noticia\/wp-json\/wp\/v2\/types\/post"}],"author":[{"embeddable":true,"href":"https:\/\/migracao.redenoticia.com.br\/noticia\/wp-json\/wp\/v2\/users\/4"}],"replies":[{"embeddable":true,"href":"https:\/\/migracao.redenoticia.com.br\/noticia\/wp-json\/wp\/v2\/comments?post=183882"}],"version-history":[{"count":0,"href":"https:\/\/migracao.redenoticia.com.br\/noticia\/wp-json\/wp\/v2\/posts\/183882\/revisions"}],"wp:featuredmedia":[{"embeddable":true,"href":"https:\/\/migracao.redenoticia.com.br\/noticia\/wp-json\/wp\/v2\/media\/148663"}],"wp:attachment":[{"href":"https:\/\/migracao.redenoticia.com.br\/noticia\/wp-json\/wp\/v2\/media?parent=183882"}],"wp:term":[{"taxonomy":"category","embeddable":true,"href":"https:\/\/migracao.redenoticia.com.br\/noticia\/wp-json\/wp\/v2\/categories?post=183882"},{"taxonomy":"post_tag","embeddable":true,"href":"https:\/\/migracao.redenoticia.com.br\/noticia\/wp-json\/wp\/v2\/tags?post=183882"}],"curies":[{"name":"wp","href":"https:\/\/api.w.org\/{rel}","templated":true}]}}