{"id":183900,"date":"2019-11-17T13:31:19","date_gmt":"2019-11-17T16:31:19","guid":{"rendered":"https:\/\/www.redenoticia.com.br\/noticia\/?p=183900"},"modified":"2019-11-17T13:54:23","modified_gmt":"2019-11-17T16:54:23","slug":"novela-bom-sucesso-vera-marca-encontro-com-alberto-e-se-arrepende","status":"publish","type":"post","link":"https:\/\/migracao.redenoticia.com.br\/noticia\/2019\/novela-bom-sucesso-vera-marca-encontro-com-alberto-e-se-arrepende\/183900","title":{"rendered":"Novela \u201cBom Sucesso\u201d: Vera marca encontro com Alberto e se arrepende"},"content":{"rendered":"<p><img loading=\"lazy\" decoding=\"async\" class=\"aligncenter size-large wp-image-179430\" src=\"https:\/\/migracao.redenoticia.com.br\/noticia\/imagens\/Bom-Sucesso-resumo-novela-01-306x300.jpg\" alt=\"\" width=\"306\" height=\"300\" srcset=\"https:\/\/migracao.redenoticia.com.br\/noticia\/imagens\/Bom-Sucesso-resumo-novela-01-306x300.jpg 306w, https:\/\/migracao.redenoticia.com.br\/noticia\/imagens\/Bom-Sucesso-resumo-novela-01-191x187.jpg 191w, https:\/\/migracao.redenoticia.com.br\/noticia\/imagens\/Bom-Sucesso-resumo-novela-01.jpg 539w\" sizes=\"auto, (max-width: 306px) 100vw, 306px\" \/> <strong><em>Novela \u201cBom Sucesso\u201d:<\/em><\/strong> Vera (\u00c2ngela Vieira), m\u00e3e de Eug\u00eania (Helena Fernandes), se divorcia e come\u00e7a a trabalhar na \u00e1rea de marketing da editora. Ela convida Alberto (Antonio Fagundes) para um encontro e ele aceita. A conversa \u00e9 agrad\u00e1vel, pinta um clima e eles se beijam. Alberto comemora: &#8220;Voc\u00ea n\u00e3o sabe como eu esperei por esse momento, Paloma&#8221;.<\/p>\n<p>Vera reage irritada e Alberto explica: &#8220;Vera, eu tenho tomado muitos rem\u00e9dios e isso costuma dar uma certa confus\u00e3o mental. E tem a conviv\u00eancia. Eu vejo a Paloma todo dia, ent\u00e3o \u00e9 natural que eu fale o nome dela &#8230; Eu n\u00e3o estou me justificando. Estou explicando. Vamos mudar de assunto? Voc\u00ea n\u00e3o quer tomar um caf\u00e9, um licor&#8230;&#8221;.<\/p>\n<p>Vera fica triste: &#8220;N\u00e3o. Eu prefiro ir embora. J\u00e1 tenho idade suficiente para saber quando uma noite acaba&#8221;. Cena prevista para novembro na novela \u201cBom Sucesso\u201d.<\/p>\n<p>\u201cBom Sucesso\u201d: a novela trata do valor de cada minuto da vida e traz a mensagem de perseveran\u00e7a, f\u00e9 e garra. Escrita por Rosane Svartman e Paulo Halm e com dire\u00e7\u00e3o art\u00edstica de Luiz Henrique Rios, a sucessora de Ver\u00e3o 90 apresenta a hist\u00f3ria de Paloma (Grazi Massafera), uma mulher determinada, sonhadora e com uma f\u00e9 inabal\u00e1vel.<\/p>\n<p>Costureira, ela trabalha e cria tr\u00eas filhos sozinha. Mora no bairro de Bonsucesso, no sub\u00farbio do Rio de Janeiro, e ama frequentar a quadra da escola de samba da regi\u00e3o, a Unidos de Bom Sucesso. Apesar da dura rotina, Paloma consegue manter uma grande paix\u00e3o: a leitura. E, ao mergulhar no universo dos livros, se transporta para os mundos fant\u00e1sticos que as hist\u00f3rias proporcionam.<\/p>\n","protected":false},"excerpt":{"rendered":"<p>Novela \u201cBom Sucesso\u201d: Vera (\u00c2ngela Vieira), m\u00e3e de Eug\u00eania (Helena Fernandes), se divorcia e come\u00e7a a trabalhar na \u00e1rea de marketing da editora. Ela convida Alberto (Antonio Fagundes) para um encontro e ele aceita. A conversa \u00e9 agrad\u00e1vel, pinta um clima e eles se beijam. Alberto comemora: &#8220;Voc\u00ea n\u00e3o sabe como eu esperei por esse [&hellip;]<\/p>\n","protected":false},"author":2,"featured_media":179421,"comment_status":"open","ping_status":"closed","sticky":false,"template":"","format":"standard","meta":{"tdm_status":"","tdm_grid_status":"","footnotes":""},"categories":[546,388,379,375,343],"tags":[440],"class_list":{"0":"post-183900","1":"post","2":"type-post","3":"status-publish","4":"format-standard","5":"has-post-thumbnail","7":"category-bom-sucesso","8":"category-destaques","9":"category-novelas","10":"category-rede-globo","11":"category-televisao","12":"tag-noticia-novela"},"_links":{"self":[{"href":"https:\/\/migracao.redenoticia.com.br\/noticia\/wp-json\/wp\/v2\/posts\/183900","targetHints":{"allow":["GET"]}}],"collection":[{"href":"https:\/\/migracao.redenoticia.com.br\/noticia\/wp-json\/wp\/v2\/posts"}],"about":[{"href":"https:\/\/migracao.redenoticia.com.br\/noticia\/wp-json\/wp\/v2\/types\/post"}],"author":[{"embeddable":true,"href":"https:\/\/migracao.redenoticia.com.br\/noticia\/wp-json\/wp\/v2\/users\/2"}],"replies":[{"embeddable":true,"href":"https:\/\/migracao.redenoticia.com.br\/noticia\/wp-json\/wp\/v2\/comments?post=183900"}],"version-history":[{"count":0,"href":"https:\/\/migracao.redenoticia.com.br\/noticia\/wp-json\/wp\/v2\/posts\/183900\/revisions"}],"wp:featuredmedia":[{"embeddable":true,"href":"https:\/\/migracao.redenoticia.com.br\/noticia\/wp-json\/wp\/v2\/media\/179421"}],"wp:attachment":[{"href":"https:\/\/migracao.redenoticia.com.br\/noticia\/wp-json\/wp\/v2\/media?parent=183900"}],"wp:term":[{"taxonomy":"category","embeddable":true,"href":"https:\/\/migracao.redenoticia.com.br\/noticia\/wp-json\/wp\/v2\/categories?post=183900"},{"taxonomy":"post_tag","embeddable":true,"href":"https:\/\/migracao.redenoticia.com.br\/noticia\/wp-json\/wp\/v2\/tags?post=183900"}],"curies":[{"name":"wp","href":"https:\/\/api.w.org\/{rel}","templated":true}]}}