{"id":183990,"date":"2019-10-30T16:08:50","date_gmt":"2019-10-30T19:08:50","guid":{"rendered":"https:\/\/www.redenoticia.com.br\/noticia\/?p=183990"},"modified":"2019-10-30T16:08:50","modified_gmt":"2019-10-30T19:08:50","slug":"resumo-novela-a-dona-do-pedaco-31-10-vivi-vai-ao-encontro-de-familia","status":"publish","type":"post","link":"https:\/\/migracao.redenoticia.com.br\/noticia\/2019\/resumo-novela-a-dona-do-pedaco-31-10-vivi-vai-ao-encontro-de-familia\/183990","title":{"rendered":"Resumo novela \u201cA Dona do Peda\u00e7o\u201d 31\/10: Vivi vai ao encontro de fam\u00edlia"},"content":{"rendered":"<p> <img loading=\"lazy\" decoding=\"async\" class=\"aligncenter size-large wp-image-175347\" src=\"https:\/\/migracao.redenoticia.com.br\/noticia\/imagens\/A-Dona-do-Pedaco-globo-261x300.jpg\" alt=\"\" width=\"261\" height=\"300\" srcset=\"https:\/\/migracao.redenoticia.com.br\/noticia\/imagens\/A-Dona-do-Pedaco-globo-261x300.jpg 261w, https:\/\/migracao.redenoticia.com.br\/noticia\/imagens\/A-Dona-do-Pedaco-globo-163x187.jpg 163w, https:\/\/migracao.redenoticia.com.br\/noticia\/imagens\/A-Dona-do-Pedaco-globo.jpg 600w\" sizes=\"auto, (max-width: 261px) 100vw, 261px\" \/><\/p>\n<p><em><strong>Resumo novela \u201cA Dona do Peda\u00e7o\u201d 31\/10<\/strong><\/em>: no cap\u00edtulo 142(*) da novela, quinta-feira, 31 de outubro, Yohana e um m\u00e9dico entram no quarto de T\u00e9o e surpreendem J\u00f4. Fabiana afirma que n\u00e3o ir\u00e1 ao encontro com Maria da Paz. Fabiana anuncia que Abel ter\u00e1 de acumular o trabalho de Beto. J\u00f4 recusa o convite de Maria da Paz para o encontro em fam\u00edlia. Yohana conversa com S\u00edlvia e Merlin e garante que descobrir\u00e1 o que aconteceu com T\u00e9o.<\/p>\n<p>Sabrina extorque Ot\u00e1vio. William pensa em fugir com J\u00f4 para Rio Vermelho. Corn\u00e9lia, Dorot\u00e9ia e Eus\u00e9bio compram roupas com a ajuda de Gladys. Maria da Paz, Amadeu e Kim visitam T\u00e9o. Antero ignora Marlene. Rock declara seu amor por Joana. Vivi chega com Camilo para o encontro de fam\u00edlia.<\/p>\n<p>(*) edi\u00e7\u00e3o da Rede Globo, Novela \u201cA Dona do Peda\u00e7o\u201d, sujeito a altera\u00e7\u00e3o de data e conte\u00fado.<\/p>\n<p>Sinopse \u201cA Dona do Peda\u00e7o\u201d: a novela enaltece a trajet\u00f3ria de Maria da Paz (Juliana Paes), uma jovem humilde, da cidade fict\u00edcia de Rio Vermelho, no Esp\u00edrito Santo. Maria vem de uma fam\u00edlia de justiceiros profissionais, os Ramirez, e se apaixona justamente por Amadeu (Marcos Palmeira), advogado formado em Vit\u00f3ria e membro do cl\u00e3 rival nos neg\u00f3cios, os Matheus. A trama, dividida em um pr\u00f3logo e duas fases, traz uma hist\u00f3ria de amor com elementos \u00e0 Romeu e Julieta, sem perder o humor, que permeia todo o folhetim. <\/p>\n","protected":false},"excerpt":{"rendered":"<p>Resumo novela \u201cA Dona do Peda\u00e7o\u201d 31\/10: no cap\u00edtulo 142(*) da novela, quinta-feira, 31 de outubro, Yohana e um m\u00e9dico entram no quarto de T\u00e9o e surpreendem J\u00f4. Fabiana afirma que n\u00e3o ir\u00e1 ao encontro com Maria da Paz. Fabiana anuncia que Abel ter\u00e1 de acumular o trabalho de Beto. J\u00f4 recusa o convite de [&hellip;]<\/p>\n","protected":false},"author":2,"featured_media":175348,"comment_status":"open","ping_status":"closed","sticky":false,"template":"","format":"standard","meta":{"tdm_status":"","tdm_grid_status":"","footnotes":""},"categories":[543,379,375,343],"tags":[441],"class_list":{"0":"post-183990","1":"post","2":"type-post","3":"status-publish","4":"format-standard","5":"has-post-thumbnail","7":"category-a-dona-do-pedaco","8":"category-novelas","9":"category-rede-globo","10":"category-televisao","11":"tag-resumo-do-dia"},"_links":{"self":[{"href":"https:\/\/migracao.redenoticia.com.br\/noticia\/wp-json\/wp\/v2\/posts\/183990","targetHints":{"allow":["GET"]}}],"collection":[{"href":"https:\/\/migracao.redenoticia.com.br\/noticia\/wp-json\/wp\/v2\/posts"}],"about":[{"href":"https:\/\/migracao.redenoticia.com.br\/noticia\/wp-json\/wp\/v2\/types\/post"}],"author":[{"embeddable":true,"href":"https:\/\/migracao.redenoticia.com.br\/noticia\/wp-json\/wp\/v2\/users\/2"}],"replies":[{"embeddable":true,"href":"https:\/\/migracao.redenoticia.com.br\/noticia\/wp-json\/wp\/v2\/comments?post=183990"}],"version-history":[{"count":0,"href":"https:\/\/migracao.redenoticia.com.br\/noticia\/wp-json\/wp\/v2\/posts\/183990\/revisions"}],"wp:featuredmedia":[{"embeddable":true,"href":"https:\/\/migracao.redenoticia.com.br\/noticia\/wp-json\/wp\/v2\/media\/175348"}],"wp:attachment":[{"href":"https:\/\/migracao.redenoticia.com.br\/noticia\/wp-json\/wp\/v2\/media?parent=183990"}],"wp:term":[{"taxonomy":"category","embeddable":true,"href":"https:\/\/migracao.redenoticia.com.br\/noticia\/wp-json\/wp\/v2\/categories?post=183990"},{"taxonomy":"post_tag","embeddable":true,"href":"https:\/\/migracao.redenoticia.com.br\/noticia\/wp-json\/wp\/v2\/tags?post=183990"}],"curies":[{"name":"wp","href":"https:\/\/api.w.org\/{rel}","templated":true}]}}