{"id":183997,"date":"2019-10-30T16:02:15","date_gmt":"2019-10-30T19:02:15","guid":{"rendered":"https:\/\/www.redenoticia.com.br\/noticia\/?p=183997"},"modified":"2019-10-30T16:02:15","modified_gmt":"2019-10-30T19:02:15","slug":"resumo-novela-abismo-de-paixao-31-10-ramiro-descobre-que-gael-e-o-filho-de-ingrid","status":"publish","type":"post","link":"https:\/\/migracao.redenoticia.com.br\/noticia\/2019\/resumo-novela-abismo-de-paixao-31-10-ramiro-descobre-que-gael-e-o-filho-de-ingrid\/183997","title":{"rendered":"Resumo novela \u201cAbismo de Paix\u00e3o\u201d 31\/10: Ramiro descobre que Gael \u00e9 o filho de Ingrid"},"content":{"rendered":"<p> <img loading=\"lazy\" decoding=\"async\" class=\"aligncenter size-large wp-image-181127\" src=\"https:\/\/migracao.redenoticia.com.br\/noticia\/imagens\/abismo-de-paixao-sbt-resumo-327x300.jpg\" alt=\"\" width=\"327\" height=\"300\" srcset=\"https:\/\/migracao.redenoticia.com.br\/noticia\/imagens\/abismo-de-paixao-sbt-resumo-327x300.jpg 327w, https:\/\/migracao.redenoticia.com.br\/noticia\/imagens\/abismo-de-paixao-sbt-resumo-204x187.jpg 204w, https:\/\/migracao.redenoticia.com.br\/noticia\/imagens\/abismo-de-paixao-sbt-resumo.jpg 426w\" sizes=\"auto, (max-width: 327px) 100vw, 327px\" \/><\/p>\n<p><strong><em>Resumo da novela \u201cAbismo de Paix\u00e3o\u201d<\/em><\/strong> em 31\/10: no cap\u00edtulo 048(*) da novela, quinta-feira, 31 de outubro, Carmen, furiosa, questiona Augusto por ter chegado tarde em casa. Ele diz que estava com Edmundo, pois ele se separou de Bet\u00e2nia e precisava conversar com um amigo. Dolores diz a Dami\u00e3o que ele n\u00e3o merece que Elisa o ame, e que se n\u00e3o \u00e9 capaz de correspond\u00ea-la como merece, que v\u00e1 embora de uma vez por todas e a deixe em paz. Paloma descobre por Elisa que Gael ir\u00e1 embora para sempre do povoado. Gael pergunta a Ramiro se ele sabe algo de Ingrid. Ele responde que n\u00e3o. Ramiro questiona Gael quanto a Kenia, perguntando se eles s\u00e3o namorados. Gael responde que s\u00e3o como irm\u00e3os. Padre Lupe pergunta a Almerinda at\u00e9 quando ela seguir\u00e1 caluniando Elisa. Ela responde que at\u00e9 que ela se afaste de uma vez por todas de Dami\u00e3o.<\/p>\n<p>Padre Lupe diz a Almerinda que \u00e9 uma lastima que ela siga cheia de rancor, e que acabar\u00e1 ficando sozinha. Augusto reconhece em Ingrid o colar com que presenteou Estef\u00e2nia, e tenta tom\u00e1-lo. Ramiro diz a Ingrid que j\u00e1 sabe que Gael \u00e9 seu filho. Ela, surpresa, tenta negar, mas por fim acaba aceitando que isso \u00e9 verdade. Padre Lupe tenta convencer Gael a esclarecer as coisas entre Elisa e Dami\u00e3o. Gael responde que n\u00e3o o far\u00e1, pois Dami\u00e3o n\u00e3o a merece. Dami\u00e3o tenta falar com Elisa.<\/p>\n<p>(*) edi\u00e7\u00e3o do SBT, Novela \u201cAbismo de Paix\u00e3o\u201d, sujeito a altera\u00e7\u00e3o de data e conte\u00fado.<\/p>\n<p>&#8220;Abismo de Paix\u00e3o&#8221;- Augusto Casta\u00f1\u00f3n (Alejandro Camacho) e Estef\u00e2nia Bouvier de Casta\u00f1\u00f3n (Ludwika Paleta) s\u00e3o pais de Elisa (Angelique Boyer). Com eles vive Carmen Bouvier (Sabine Moussier), irm\u00e3 mais velha de Estef\u00e2nia e que vai fugir do povoado com Rog\u00e9rio Arango (C\u00e9sar \u00c9vora), esposo de Almerinda Arango (Blanca Guerra) e pai de Dami\u00e3o (David Zepeda), melhor amigo de Elisa. Almerinda descobre e alerta a Augusto.<\/p>\n<p>Por sua parte, Estef\u00e2nia tenta impedir Rog\u00e9rio a n\u00e3o abandonar sua fam\u00edlia, mas devido ao intemp\u00e9rie da chuva, ambos morrem em um acidente de carro. Carmem aproveita o fato para fazer Augusto acreditar que sua esposa era infiel. Augusto, por despeito, casa-se com Carmem, apesar de n\u00e3o estar apaixonado por ela e nem am\u00e1-la. Carmem est\u00e1 gr\u00e1vida de Rog\u00e9rio, mas mente para Augusto, dizendo que o filho \u00e9 dele.  <\/p>\n<p>Querendo bater em Elisa, Carmem escorrega e cai na piscina da casa, causando morte s\u00fabita ao beb\u00ea. Por sua parte, Almerinda decide mandar a Dami\u00e3o para fora do povoado a estudar para separ\u00e1-lo de Elisa de quem \u00e9 muito amigo, amizade que ela n\u00e3o v\u00ea com bons olhos, ap\u00f3s inocentemente os dois fugirem juntos.<\/p>\n","protected":false},"excerpt":{"rendered":"<p>Resumo da novela \u201cAbismo de Paix\u00e3o\u201d em 31\/10: no cap\u00edtulo 048(*) da novela, quinta-feira, 31 de outubro, Carmen, furiosa, questiona Augusto por ter chegado tarde em casa. Ele diz que estava com Edmundo, pois ele se separou de Bet\u00e2nia e precisava conversar com um amigo. Dolores diz a Dami\u00e3o que ele n\u00e3o merece que Elisa [&hellip;]<\/p>\n","protected":false},"author":2,"featured_media":181126,"comment_status":"open","ping_status":"closed","sticky":false,"template":"","format":"standard","meta":{"tdm_status":"","tdm_grid_status":"","footnotes":""},"categories":[379,372,343],"tags":[441],"class_list":{"0":"post-183997","1":"post","2":"type-post","3":"status-publish","4":"format-standard","5":"has-post-thumbnail","7":"category-novelas","8":"category-sbt","9":"category-televisao","10":"tag-resumo-do-dia"},"_links":{"self":[{"href":"https:\/\/migracao.redenoticia.com.br\/noticia\/wp-json\/wp\/v2\/posts\/183997","targetHints":{"allow":["GET"]}}],"collection":[{"href":"https:\/\/migracao.redenoticia.com.br\/noticia\/wp-json\/wp\/v2\/posts"}],"about":[{"href":"https:\/\/migracao.redenoticia.com.br\/noticia\/wp-json\/wp\/v2\/types\/post"}],"author":[{"embeddable":true,"href":"https:\/\/migracao.redenoticia.com.br\/noticia\/wp-json\/wp\/v2\/users\/2"}],"replies":[{"embeddable":true,"href":"https:\/\/migracao.redenoticia.com.br\/noticia\/wp-json\/wp\/v2\/comments?post=183997"}],"version-history":[{"count":0,"href":"https:\/\/migracao.redenoticia.com.br\/noticia\/wp-json\/wp\/v2\/posts\/183997\/revisions"}],"wp:featuredmedia":[{"embeddable":true,"href":"https:\/\/migracao.redenoticia.com.br\/noticia\/wp-json\/wp\/v2\/media\/181126"}],"wp:attachment":[{"href":"https:\/\/migracao.redenoticia.com.br\/noticia\/wp-json\/wp\/v2\/media?parent=183997"}],"wp:term":[{"taxonomy":"category","embeddable":true,"href":"https:\/\/migracao.redenoticia.com.br\/noticia\/wp-json\/wp\/v2\/categories?post=183997"},{"taxonomy":"post_tag","embeddable":true,"href":"https:\/\/migracao.redenoticia.com.br\/noticia\/wp-json\/wp\/v2\/tags?post=183997"}],"curies":[{"name":"wp","href":"https:\/\/api.w.org\/{rel}","templated":true}]}}