{"id":184058,"date":"2019-10-31T13:49:25","date_gmt":"2019-10-31T16:49:25","guid":{"rendered":"https:\/\/www.redenoticia.com.br\/noticia\/?p=184058"},"modified":"2019-10-31T13:49:25","modified_gmt":"2019-10-31T16:49:25","slug":"resumo-novela-a-dona-do-pedaco-01-11-teo-revela-a-yohana-que-jo-tentou-mata-lo","status":"publish","type":"post","link":"https:\/\/migracao.redenoticia.com.br\/noticia\/2019\/resumo-novela-a-dona-do-pedaco-01-11-teo-revela-a-yohana-que-jo-tentou-mata-lo\/184058","title":{"rendered":"Resumo novela \u201cA Dona do Peda\u00e7o\u201d 01\/11: T\u00e9o revela a Yohana que J\u00f4 tentou mat\u00e1-lo"},"content":{"rendered":"<p><img loading=\"lazy\" decoding=\"async\" class=\"aligncenter size-large wp-image-175347\" src=\"https:\/\/migracao.redenoticia.com.br\/noticia\/imagens\/A-Dona-do-Pedaco-globo-261x300.jpg\" alt=\"\" width=\"261\" height=\"300\" srcset=\"https:\/\/migracao.redenoticia.com.br\/noticia\/imagens\/A-Dona-do-Pedaco-globo-261x300.jpg 261w, https:\/\/migracao.redenoticia.com.br\/noticia\/imagens\/A-Dona-do-Pedaco-globo-163x187.jpg 163w, https:\/\/migracao.redenoticia.com.br\/noticia\/imagens\/A-Dona-do-Pedaco-globo.jpg 600w\" sizes=\"auto, (max-width: 261px) 100vw, 261px\" \/><\/p>\n<p><em><strong>Resumo novela \u201cA Dona do Peda\u00e7o\u201d 01\/11<\/strong><\/em>: no cap\u00edtulo 143(*) da novela, sexta-feira, 01 de novembro, Camilo e Chiclete se enfrentam, e o ex-justiceiro decide deixar a festa. Todos comemoram o encontro de fam\u00edlia. Rock e Joana ficam juntos. J\u00f4 planeja pedir ajuda a Chiclete. Camilo decide prender Vivi no quarto novamente e repreende o comportamento de Berta. Yohana monitora T\u00e9o.<\/p>\n<p>Evelina garante a J\u00f4 que Chiclete a levar\u00e1 para Rio Vermelho. Kim trai Paix\u00e3o com M\u00e1rcio. S\u00edlvia pede que a coordenadora n\u00e3o expulse Merlin da escola. Britney discute com Abel. Maria da Paz vai ao encontro de Fabiana e faz uma proposta. T\u00e9o \u00e9 transferido para um quarto. Maria da Paz agradece R\u00e9gis por investir em sua confeitaria. T\u00e9o revela a Yohana que J\u00f4 tentou mat\u00e1-lo.<\/p>\n<p>(*) edi\u00e7\u00e3o da Rede Globo, Novela \u201cA Dona do Peda\u00e7o\u201d, sujeito a altera\u00e7\u00e3o de data e conte\u00fado.<\/p>\n<p>Sinopse \u201cA Dona do Peda\u00e7o\u201d: a novela enaltece a trajet\u00f3ria de Maria da Paz (Juliana Paes), uma jovem humilde, da cidade fict\u00edcia de Rio Vermelho, no Esp\u00edrito Santo. Maria vem de uma fam\u00edlia de justiceiros profissionais, os Ramirez, e se apaixona justamente por Amadeu (Marcos Palmeira), advogado formado em Vit\u00f3ria e membro do cl\u00e3 rival nos neg\u00f3cios, os Matheus. A trama, dividida em um pr\u00f3logo e duas fases, traz uma hist\u00f3ria de amor com elementos \u00e0 Romeu e Julieta, sem perder o humor, que permeia todo o folhetim.<\/p>\n","protected":false},"excerpt":{"rendered":"<p>Resumo novela \u201cA Dona do Peda\u00e7o\u201d 01\/11: no cap\u00edtulo 143(*) da novela, sexta-feira, 01 de novembro, Camilo e Chiclete se enfrentam, e o ex-justiceiro decide deixar a festa. Todos comemoram o encontro de fam\u00edlia. Rock e Joana ficam juntos. J\u00f4 planeja pedir ajuda a Chiclete. Camilo decide prender Vivi no quarto novamente e repreende o [&hellip;]<\/p>\n","protected":false},"author":4,"featured_media":175348,"comment_status":"open","ping_status":"closed","sticky":false,"template":"","format":"standard","meta":{"tdm_status":"","tdm_grid_status":"","footnotes":""},"categories":[543,379,375,343],"tags":[441],"class_list":{"0":"post-184058","1":"post","2":"type-post","3":"status-publish","4":"format-standard","5":"has-post-thumbnail","7":"category-a-dona-do-pedaco","8":"category-novelas","9":"category-rede-globo","10":"category-televisao","11":"tag-resumo-do-dia"},"_links":{"self":[{"href":"https:\/\/migracao.redenoticia.com.br\/noticia\/wp-json\/wp\/v2\/posts\/184058","targetHints":{"allow":["GET"]}}],"collection":[{"href":"https:\/\/migracao.redenoticia.com.br\/noticia\/wp-json\/wp\/v2\/posts"}],"about":[{"href":"https:\/\/migracao.redenoticia.com.br\/noticia\/wp-json\/wp\/v2\/types\/post"}],"author":[{"embeddable":true,"href":"https:\/\/migracao.redenoticia.com.br\/noticia\/wp-json\/wp\/v2\/users\/4"}],"replies":[{"embeddable":true,"href":"https:\/\/migracao.redenoticia.com.br\/noticia\/wp-json\/wp\/v2\/comments?post=184058"}],"version-history":[{"count":0,"href":"https:\/\/migracao.redenoticia.com.br\/noticia\/wp-json\/wp\/v2\/posts\/184058\/revisions"}],"wp:featuredmedia":[{"embeddable":true,"href":"https:\/\/migracao.redenoticia.com.br\/noticia\/wp-json\/wp\/v2\/media\/175348"}],"wp:attachment":[{"href":"https:\/\/migracao.redenoticia.com.br\/noticia\/wp-json\/wp\/v2\/media?parent=184058"}],"wp:term":[{"taxonomy":"category","embeddable":true,"href":"https:\/\/migracao.redenoticia.com.br\/noticia\/wp-json\/wp\/v2\/categories?post=184058"},{"taxonomy":"post_tag","embeddable":true,"href":"https:\/\/migracao.redenoticia.com.br\/noticia\/wp-json\/wp\/v2\/tags?post=184058"}],"curies":[{"name":"wp","href":"https:\/\/api.w.org\/{rel}","templated":true}]}}