{"id":184138,"date":"2019-11-02T19:15:18","date_gmt":"2019-11-02T22:15:18","guid":{"rendered":"https:\/\/www.redenoticia.com.br\/noticia\/?p=184138"},"modified":"2019-11-02T19:15:18","modified_gmt":"2019-11-02T22:15:18","slug":"resumo-novela-as-aventuras-de-poliana-04-11-luigi-apresenta-trabalho-sobre-bullying","status":"publish","type":"post","link":"https:\/\/migracao.redenoticia.com.br\/noticia\/2019\/resumo-novela-as-aventuras-de-poliana-04-11-luigi-apresenta-trabalho-sobre-bullying\/184138","title":{"rendered":"Resumo novela \u201cAs Aventuras de Poliana\u201d 04\/11: Luigi apresenta trabalho sobre bullying"},"content":{"rendered":"<p> <img loading=\"lazy\" decoding=\"async\" class=\"aligncenter size-large wp-image-148662\" src=\"https:\/\/migracao.redenoticia.com.br\/noticia\/imagens\/as-aventuras-de-poliana-novela-400x267.jpg\" alt=\"\" width=\"400\" height=\"267\" srcset=\"https:\/\/migracao.redenoticia.com.br\/noticia\/imagens\/as-aventuras-de-poliana-novela-400x267.jpg 400w, https:\/\/migracao.redenoticia.com.br\/noticia\/imagens\/as-aventuras-de-poliana-novela-250x167.jpg 250w, https:\/\/migracao.redenoticia.com.br\/noticia\/imagens\/as-aventuras-de-poliana-novela-150x100.jpg 150w, https:\/\/migracao.redenoticia.com.br\/noticia\/imagens\/as-aventuras-de-poliana-novela.jpg 600w\" sizes=\"auto, (max-width: 400px) 100vw, 400px\" \/><\/p>\n<p><strong><em>Resumo novela \u201cAs Aventuras de Poliana\u201d 04\/11<\/em><\/strong>: no cap\u00edtulo 384(*) da novela, segunda-feira, 04 de novembro, Filipa pergunta ao pai se ter\u00e1 sua \u2018Sara\u2019 de volta. Ruth diz a Luisa que ela deve dar boas maneiras a Jo\u00e3o. Jo\u00e3o responde a cartinha de Let\u00edcia. Mirela briga com Luca. Os alunos apresentam os trabalhos do projeto Anti Bullying no col\u00e9gio Ruth Goulart. Durval se incomoda com a maneira de Fernanda de administrar a padaria. Ant\u00f4nio come\u00e7a a fazer os arranjos da casa de Roger. Branca assume oficialmente a presid\u00eancia do Comit\u00ea do La\u00e7o Azul.<\/p>\n<p>Com a aus\u00eancia de Ant\u00f4nio, Roger volta a casa da m\u00e3e para procurar os documentos. Branca prop\u00f5e que sejam feitas algumas oficinas no col\u00e9gio. A m\u00e3e de Luigi se emociona ao assistir a apresenta\u00e7\u00e3o sobre bullying de seu filho. As crian\u00e7as do Clubinho desconfiam que Ester seja uma Androidiana. Gael e Ben\u00edcio discutem e acabam se agredindo. Cl\u00e1udia v\u00ea os filhos brigando e os separa. Ant\u00f4nio desconfia que Roger esteve na casa de Gl\u00f3ria. Hugo e Eric prometem parar de praticar bullying com Luigi.<\/p>\n<p>(*) edi\u00e7\u00e3o do SBT, Novela \u201cAs Aventuras de Poliana\u201d, sujeito a altera\u00e7\u00e3o de data e conte\u00fado.<\/p>\n<p>\u201cAs Aventuras de Poliana\u201d &#8211; Poliana \u00e9 uma menina extrovertida e de bom cora\u00e7\u00e3o que viajava o Brasil com seus pais, Lorenzo e Alice, no grupo circense Trupe Vagalume. Aos onze anos a garota v\u00ea seu mundo desabar quando seus pais falecem e ela tem que ir morar em S\u00e3o Paulo com sua tia Lu\u00edsa, uma mulher rica e severa, a qual ela n\u00e3o conhecia e que n\u00e3o queria cuidar dela, embora sinta que \u00e9 sua obriga\u00e7\u00e3o pela alma de sua irm\u00e3. <\/p>\n<p>Apesar do jeito da rigidez da tia, Poliana decide ter uma vis\u00e3o positiva e inabal\u00e1vel da vida, mesmo nos momentos de dificuldade, tentando levar um pouco de felicidade para a vida de cada um dos seus novos amigos e vizinhos, como o Sr. Pendleton, um homem rico e infeliz por nunca ter tido filhos. Ela vai estudar no col\u00e9gio de Ruth, uma diretora de bom cora\u00e7\u00e3o que a ajuda a se adaptar, mas tem que lidar com as vilanias de Mirela, garota mais velha que n\u00e3o aceita perder a popularidade para uma novata.<\/p>\n","protected":false},"excerpt":{"rendered":"<p>Resumo novela \u201cAs Aventuras de Poliana\u201d 04\/11: no cap\u00edtulo 384(*) da novela, segunda-feira, 04 de novembro, Filipa pergunta ao pai se ter\u00e1 sua \u2018Sara\u2019 de volta. Ruth diz a Luisa que ela deve dar boas maneiras a Jo\u00e3o. Jo\u00e3o responde a cartinha de Let\u00edcia. Mirela briga com Luca. Os alunos apresentam os trabalhos do projeto [&hellip;]<\/p>\n","protected":false},"author":2,"featured_media":148663,"comment_status":"open","ping_status":"closed","sticky":false,"template":"","format":"standard","meta":{"tdm_status":"","tdm_grid_status":"","footnotes":""},"categories":[477,379,372,343],"tags":[441],"class_list":{"0":"post-184138","1":"post","2":"type-post","3":"status-publish","4":"format-standard","5":"has-post-thumbnail","7":"category-as-aventuras-de-poliana","8":"category-novelas","9":"category-sbt","10":"category-televisao","11":"tag-resumo-do-dia"},"_links":{"self":[{"href":"https:\/\/migracao.redenoticia.com.br\/noticia\/wp-json\/wp\/v2\/posts\/184138","targetHints":{"allow":["GET"]}}],"collection":[{"href":"https:\/\/migracao.redenoticia.com.br\/noticia\/wp-json\/wp\/v2\/posts"}],"about":[{"href":"https:\/\/migracao.redenoticia.com.br\/noticia\/wp-json\/wp\/v2\/types\/post"}],"author":[{"embeddable":true,"href":"https:\/\/migracao.redenoticia.com.br\/noticia\/wp-json\/wp\/v2\/users\/2"}],"replies":[{"embeddable":true,"href":"https:\/\/migracao.redenoticia.com.br\/noticia\/wp-json\/wp\/v2\/comments?post=184138"}],"version-history":[{"count":0,"href":"https:\/\/migracao.redenoticia.com.br\/noticia\/wp-json\/wp\/v2\/posts\/184138\/revisions"}],"wp:featuredmedia":[{"embeddable":true,"href":"https:\/\/migracao.redenoticia.com.br\/noticia\/wp-json\/wp\/v2\/media\/148663"}],"wp:attachment":[{"href":"https:\/\/migracao.redenoticia.com.br\/noticia\/wp-json\/wp\/v2\/media?parent=184138"}],"wp:term":[{"taxonomy":"category","embeddable":true,"href":"https:\/\/migracao.redenoticia.com.br\/noticia\/wp-json\/wp\/v2\/categories?post=184138"},{"taxonomy":"post_tag","embeddable":true,"href":"https:\/\/migracao.redenoticia.com.br\/noticia\/wp-json\/wp\/v2\/tags?post=184138"}],"curies":[{"name":"wp","href":"https:\/\/api.w.org\/{rel}","templated":true}]}}