{"id":184139,"date":"2019-11-02T19:13:20","date_gmt":"2019-11-02T22:13:20","guid":{"rendered":"https:\/\/www.redenoticia.com.br\/noticia\/?p=184139"},"modified":"2019-11-02T19:13:20","modified_gmt":"2019-11-02T22:13:20","slug":"resumo-novela-a-que-nao-podia-amar-04-11-ana-deixa-rogerio-no-altar","status":"publish","type":"post","link":"https:\/\/migracao.redenoticia.com.br\/noticia\/2019\/resumo-novela-a-que-nao-podia-amar-04-11-ana-deixa-rogerio-no-altar\/184139","title":{"rendered":"Resumo novela \u201cA Que N\u00e3o Podia Amar\u201d 04\/11: Ana deixa Rog\u00e9rio no altar"},"content":{"rendered":"<p> <img loading=\"lazy\" decoding=\"async\" class=\"aligncenter size-large wp-image-173635\" src=\"https:\/\/migracao.redenoticia.com.br\/noticia\/imagens\/a-que-nao-podia-amar-400x271.jpg\" alt=\"\" width=\"400\" height=\"271\" srcset=\"https:\/\/migracao.redenoticia.com.br\/noticia\/imagens\/a-que-nao-podia-amar-400x271.jpg 400w, https:\/\/migracao.redenoticia.com.br\/noticia\/imagens\/a-que-nao-podia-amar-250x169.jpg 250w, https:\/\/migracao.redenoticia.com.br\/noticia\/imagens\/a-que-nao-podia-amar-560x379.jpg 560w, https:\/\/migracao.redenoticia.com.br\/noticia\/imagens\/a-que-nao-podia-amar.jpg 620w\" sizes=\"auto, (max-width: 400px) 100vw, 400px\" \/><\/p>\n<p><strong><em>Resumo da novela \u201cA Que N\u00e3o Podia Amar\u201d<\/em><\/strong> em 04\/11: no cap\u00edtulo 151(*) da novela, segunda-feira, 04 de novembro, Vanessa zomba de Rog\u00e9rio e diz que conseguiu fazer que Ana Paula o deixasse plantado no altar, e tamb\u00e9m far\u00e1 que ela v\u00e1 embora da fazenda. Enquanto isso, Gustavo fica muito feliz quando fica sabendo que Ana Paula n\u00e3o se casou. Contudo, Rog\u00e9rio assegura a Vanessa que seguir\u00e1 lutando pelo perd\u00e3o de Ana Paula porque a ama. Gustavo procura Ana Paula e sugere que ela v\u00e1 embora da fazenda junto com ele. Bruno e Vanessa comemoram que Miguel foi preso.<\/p>\n<p>Enquanto isso, Miguel e Ana recebem a not\u00edcia de que ele pode ficar quatro anos atr\u00e1s das grades. Por outro lado, Ernesto d\u00e1 \u00e0s autoridades um diagn\u00f3stico sobre a loucura de C\u00edntia, ao que Bruno sup\u00f5e que ter\u00e1 que continuar internada. Contudo, o chefe de pol\u00edcia assegura que ser\u00e1 levada ao pavilh\u00e3o psiqui\u00e1trico da cadeia em Tuxtla. Mais tarde, Ana Paula pede a Gustavo que n\u00e3o intervenha nos problemas que tem porque ainda est\u00e1 casada com Rog\u00e9rio, mas o engenheiro responde que espera que agora sim ela se divorcie do fazendeiro.<\/p>\n<p>(*) edi\u00e7\u00e3o do SBT, Novela \u201cA Que N\u00e3o Podia Amar\u201d, sujeito a altera\u00e7\u00e3o de data e conte\u00fado.<\/p>\n<p>&#8220;A Que N\u00e3o Podia Amar&#8221;- Ana Paula, uma enfermeira humilde que se v\u00ea obrigada a trabalhar na casa de Rog\u00e9rio Montero (Jorge Salinas), um homem amargurado. Rog\u00e9rio sofre por ser parapl\u00e9gico e destrata todas as pessoas. Ana Paula atura tudo calada e o rica\u00e7o se apaixona por ela.<\/p>\n<p>Ana conhece Gustavo Duran (Jos\u00e9 Ron), um engenheiro nobre e trabalhador. Os dois se apaixonam, mas ter\u00e3o de enfrentar Rog\u00e9rio, j\u00e1 que ele tamb\u00e9m gosta da mocinha, formando assim, um tri\u00e2ngulo amoroso com terr\u00edveis consequ\u00eancias.<\/p>\n","protected":false},"excerpt":{"rendered":"<p>Resumo da novela \u201cA Que N\u00e3o Podia Amar\u201d em 04\/11: no cap\u00edtulo 151(*) da novela, segunda-feira, 04 de novembro, Vanessa zomba de Rog\u00e9rio e diz que conseguiu fazer que Ana Paula o deixasse plantado no altar, e tamb\u00e9m far\u00e1 que ela v\u00e1 embora da fazenda. Enquanto isso, Gustavo fica muito feliz quando fica sabendo que [&hellip;]<\/p>\n","protected":false},"author":2,"featured_media":173627,"comment_status":"open","ping_status":"closed","sticky":false,"template":"","format":"standard","meta":{"tdm_status":"","tdm_grid_status":"","footnotes":""},"categories":[379,372,343],"tags":[441],"class_list":{"0":"post-184139","1":"post","2":"type-post","3":"status-publish","4":"format-standard","5":"has-post-thumbnail","7":"category-novelas","8":"category-sbt","9":"category-televisao","10":"tag-resumo-do-dia"},"_links":{"self":[{"href":"https:\/\/migracao.redenoticia.com.br\/noticia\/wp-json\/wp\/v2\/posts\/184139","targetHints":{"allow":["GET"]}}],"collection":[{"href":"https:\/\/migracao.redenoticia.com.br\/noticia\/wp-json\/wp\/v2\/posts"}],"about":[{"href":"https:\/\/migracao.redenoticia.com.br\/noticia\/wp-json\/wp\/v2\/types\/post"}],"author":[{"embeddable":true,"href":"https:\/\/migracao.redenoticia.com.br\/noticia\/wp-json\/wp\/v2\/users\/2"}],"replies":[{"embeddable":true,"href":"https:\/\/migracao.redenoticia.com.br\/noticia\/wp-json\/wp\/v2\/comments?post=184139"}],"version-history":[{"count":0,"href":"https:\/\/migracao.redenoticia.com.br\/noticia\/wp-json\/wp\/v2\/posts\/184139\/revisions"}],"wp:featuredmedia":[{"embeddable":true,"href":"https:\/\/migracao.redenoticia.com.br\/noticia\/wp-json\/wp\/v2\/media\/173627"}],"wp:attachment":[{"href":"https:\/\/migracao.redenoticia.com.br\/noticia\/wp-json\/wp\/v2\/media?parent=184139"}],"wp:term":[{"taxonomy":"category","embeddable":true,"href":"https:\/\/migracao.redenoticia.com.br\/noticia\/wp-json\/wp\/v2\/categories?post=184139"},{"taxonomy":"post_tag","embeddable":true,"href":"https:\/\/migracao.redenoticia.com.br\/noticia\/wp-json\/wp\/v2\/tags?post=184139"}],"curies":[{"name":"wp","href":"https:\/\/api.w.org\/{rel}","templated":true}]}}