{"id":184140,"date":"2019-11-02T19:08:59","date_gmt":"2019-11-02T22:08:59","guid":{"rendered":"https:\/\/www.redenoticia.com.br\/noticia\/?p=184140"},"modified":"2019-11-02T19:08:59","modified_gmt":"2019-11-02T22:08:59","slug":"resumo-novela-abismo-de-paixao-04-11-augusto-atira-em-damiao","status":"publish","type":"post","link":"https:\/\/migracao.redenoticia.com.br\/noticia\/2019\/resumo-novela-abismo-de-paixao-04-11-augusto-atira-em-damiao\/184140","title":{"rendered":"Resumo novela \u201cAbismo de Paix\u00e3o\u201d 04\/11: Augusto atira em Dami\u00e3o"},"content":{"rendered":"<p> <img loading=\"lazy\" decoding=\"async\" class=\"aligncenter size-large wp-image-181127\" src=\"https:\/\/migracao.redenoticia.com.br\/noticia\/imagens\/abismo-de-paixao-sbt-resumo-327x300.jpg\" alt=\"\" width=\"327\" height=\"300\" srcset=\"https:\/\/migracao.redenoticia.com.br\/noticia\/imagens\/abismo-de-paixao-sbt-resumo-327x300.jpg 327w, https:\/\/migracao.redenoticia.com.br\/noticia\/imagens\/abismo-de-paixao-sbt-resumo-204x187.jpg 204w, https:\/\/migracao.redenoticia.com.br\/noticia\/imagens\/abismo-de-paixao-sbt-resumo.jpg 426w\" sizes=\"auto, (max-width: 327px) 100vw, 327px\" \/><\/p>\n<p><strong><em>Resumo da novela \u201cAbismo de Paix\u00e3o\u201d<\/em><\/strong> em 04\/11: no cap\u00edtulo 050(*) da novela, segunda-feira, 04 de novembro, Augusto diz a Carmen que o zanga muito a prepot\u00eancia de Almerinda. Carmen responde que nada afeta Almerinda, mas que nesse assunto ele deveria dar ouvidos a ela e dizer a Elisa de uma vez por todas que Dami\u00e3o \u00e9 seu irm\u00e3o. Augusto responde que n\u00e3o pode fazer isso, pois Elisa pediria provas e ele mesmo queimou os exames. Ramiro diz ao Padre Lupe que est\u00e1 procurando Gael porque Ingrid est\u00e1 doente. Ingrid procura Kenia para propor que a ajude a ganhar o carinho de Gael e que a apoie na mentira de que est\u00e1 muito doente. Carmen, brincando, diz a Hor\u00e1cio que j\u00e1 se deu conta que ele \u00e9 muito amigo de Dolores. Ela pergunta se ele j\u00e1 a disse \u00e0 nova amiga que \u00e9 um assassino. Carmen diz a Hor\u00e1cio que guardar\u00e1 esse segredo em troca de umas passagens de avi\u00e3o que est\u00e3o em poder de Ramiro. Hor\u00e1cio nega o favor a Carmen, e ela diz que ent\u00e3o contar\u00e1 imediatamente o que sabe a Dolores.<\/p>\n<p>Bet\u00e2nia diz a Almerinda que Henrique foi ver Flor\u00eancia, mas ela n\u00e3o sabe se eles s\u00e3o namorados. Ela tamb\u00e9m diz que no dia anterior Elisa e Dami\u00e3o foram atr\u00e1s de Edmundo para solicitar uns exames urgentes. Almerinda manda Ramiro investigar para que s\u00e3o os exames que Dami\u00e3o e Elisa fizeram. Carmen se preocupa quando Ramiro a diz que sua patroa o mandou averiguar que tipo de exames foram solicitados por Dami\u00e3o e Elisa. Ramiro diz a Carmen que seu teatrinho com Augusto enfim vir\u00e1 abaixo. Ramiro diz a Almerinda que Elisa e Dami\u00e3o foram a capital para fazerem exames pr\u00e9-nupciais. Dami\u00e3o e Elisa est\u00e3o a ponto de se casarem. Augusto chega com uma escopeta e os diz que n\u00e3o haver\u00e1 nenhum casamento. O Padre tenta convencer Augusto a abaixar a escopeta, mas n\u00e3o h\u00e1 tempo e ele dispara, ferindo Dami\u00e3o na perna. Elisa chora, hist\u00e9rica.<\/p>\n<p>(*) edi\u00e7\u00e3o do SBT, Novela \u201cAbismo de Paix\u00e3o\u201d, sujeito a altera\u00e7\u00e3o de data e conte\u00fado.<\/p>\n<p>&#8220;Abismo de Paix\u00e3o&#8221;- Augusto Casta\u00f1\u00f3n (Alejandro Camacho) e Estef\u00e2nia Bouvier de Casta\u00f1\u00f3n (Ludwika Paleta) s\u00e3o pais de Elisa (Angelique Boyer). Com eles vive Carmen Bouvier (Sabine Moussier), irm\u00e3 mais velha de Estef\u00e2nia e que vai fugir do povoado com Rog\u00e9rio Arango (C\u00e9sar \u00c9vora), esposo de Almerinda Arango (Blanca Guerra) e pai de Dami\u00e3o (David Zepeda), melhor amigo de Elisa. Almerinda descobre e alerta a Augusto.<\/p>\n<p>Por sua parte, Estef\u00e2nia tenta impedir Rog\u00e9rio a n\u00e3o abandonar sua fam\u00edlia, mas devido ao intemp\u00e9rie da chuva, ambos morrem em um acidente de carro. Carmem aproveita o fato para fazer Augusto acreditar que sua esposa era infiel. Augusto, por despeito, casa-se com Carmem, apesar de n\u00e3o estar apaixonado por ela e nem am\u00e1-la. Carmem est\u00e1 gr\u00e1vida de Rog\u00e9rio, mas mente para Augusto, dizendo que o filho \u00e9 dele. <\/p>\n<p>Querendo bater em Elisa, Carmem escorrega e cai na piscina da casa, causando morte s\u00fabita ao beb\u00ea. Por sua parte, Almerinda decide mandar a Dami\u00e3o para fora do povoado a estudar para separ\u00e1-lo de Elisa de quem \u00e9 muito amigo, amizade que ela n\u00e3o v\u00ea com bons olhos, ap\u00f3s inocentemente os dois fugirem juntos.<\/p>\n","protected":false},"excerpt":{"rendered":"<p>Resumo da novela \u201cAbismo de Paix\u00e3o\u201d em 04\/11: no cap\u00edtulo 050(*) da novela, segunda-feira, 04 de novembro, Augusto diz a Carmen que o zanga muito a prepot\u00eancia de Almerinda. Carmen responde que nada afeta Almerinda, mas que nesse assunto ele deveria dar ouvidos a ela e dizer a Elisa de uma vez por todas que [&hellip;]<\/p>\n","protected":false},"author":2,"featured_media":181126,"comment_status":"open","ping_status":"closed","sticky":false,"template":"","format":"standard","meta":{"tdm_status":"","tdm_grid_status":"","footnotes":""},"categories":[379,372,343],"tags":[441],"class_list":{"0":"post-184140","1":"post","2":"type-post","3":"status-publish","4":"format-standard","5":"has-post-thumbnail","7":"category-novelas","8":"category-sbt","9":"category-televisao","10":"tag-resumo-do-dia"},"_links":{"self":[{"href":"https:\/\/migracao.redenoticia.com.br\/noticia\/wp-json\/wp\/v2\/posts\/184140","targetHints":{"allow":["GET"]}}],"collection":[{"href":"https:\/\/migracao.redenoticia.com.br\/noticia\/wp-json\/wp\/v2\/posts"}],"about":[{"href":"https:\/\/migracao.redenoticia.com.br\/noticia\/wp-json\/wp\/v2\/types\/post"}],"author":[{"embeddable":true,"href":"https:\/\/migracao.redenoticia.com.br\/noticia\/wp-json\/wp\/v2\/users\/2"}],"replies":[{"embeddable":true,"href":"https:\/\/migracao.redenoticia.com.br\/noticia\/wp-json\/wp\/v2\/comments?post=184140"}],"version-history":[{"count":0,"href":"https:\/\/migracao.redenoticia.com.br\/noticia\/wp-json\/wp\/v2\/posts\/184140\/revisions"}],"wp:featuredmedia":[{"embeddable":true,"href":"https:\/\/migracao.redenoticia.com.br\/noticia\/wp-json\/wp\/v2\/media\/181126"}],"wp:attachment":[{"href":"https:\/\/migracao.redenoticia.com.br\/noticia\/wp-json\/wp\/v2\/media?parent=184140"}],"wp:term":[{"taxonomy":"category","embeddable":true,"href":"https:\/\/migracao.redenoticia.com.br\/noticia\/wp-json\/wp\/v2\/categories?post=184140"},{"taxonomy":"post_tag","embeddable":true,"href":"https:\/\/migracao.redenoticia.com.br\/noticia\/wp-json\/wp\/v2\/tags?post=184140"}],"curies":[{"name":"wp","href":"https:\/\/api.w.org\/{rel}","templated":true}]}}