{"id":184158,"date":"2019-11-28T18:37:28","date_gmt":"2019-11-28T21:37:28","guid":{"rendered":"https:\/\/www.redenoticia.com.br\/noticia\/?p=184158"},"modified":"2019-11-28T18:44:11","modified_gmt":"2019-11-28T21:44:11","slug":"novela-avenida-brasil-monalisa-flagra-olenka-com-silas-e-a-demite","status":"publish","type":"post","link":"https:\/\/migracao.redenoticia.com.br\/noticia\/2019\/novela-avenida-brasil-monalisa-flagra-olenka-com-silas-e-a-demite\/184158","title":{"rendered":"Novela \u201cAvenida Brasil\u201d: Monalisa rompe com Silas"},"content":{"rendered":"<p><img loading=\"lazy\" decoding=\"async\" src=\"https:\/\/migracao.redenoticia.com.br\/noticia\/imagens\/avenida-brasil-logo-300x300.jpg\" alt=\"\" width=\"300\" height=\"300\" class=\"aligncenter size-large wp-image-182544\" srcset=\"https:\/\/migracao.redenoticia.com.br\/noticia\/imagens\/avenida-brasil-logo-300x300.jpg 300w, https:\/\/migracao.redenoticia.com.br\/noticia\/imagens\/avenida-brasil-logo-187x187.jpg 187w, https:\/\/migracao.redenoticia.com.br\/noticia\/imagens\/avenida-brasil-logo.jpg 580w\" sizes=\"auto, (max-width: 300px) 100vw, 300px\" \/> <strong><em>Novela \u201cAvenida Brasil\u201d:<\/em><\/strong> Monalisa (Helo\u00edsa P\u00e9riss\u00e9) come\u00e7ou a trabalhar como cabeleireira, ficou amiga-irm\u00e3 de Olenka (Fab\u00edula Nascimento) e apaixonou-se por Tuf\u00e3o (Murilo Ben\u00edcio), a quem incentivou, e muito, a se tornar jogador de futebol. Foi se tornando s\u00f3cia dele que a paraibana inaugurou o Monalisa Coiffeur, seu pr\u00f3prio sal\u00e3o de beleza. E o neg\u00f3cio deslanchou gra\u00e7as a uma f\u00f3rmula de alisamento de cabelos criada por ela. O noivado acabou, mas a sociedade n\u00e3o foi desfeita. No sal\u00e3o, al\u00e9m de Olenka, trabalham Roni (Daniel Rocha) e Brigitte (Luana Martau).<\/p>\n<p> Cansado de ser enrolado por Monalisa, Silas (Ailton Gra\u00e7a) decide inventar uma grave doen\u00e7a card\u00edaca. Monalisa fica sensibilizada, permite que ele fique em sua casa e acaba aceitando se casar com ele. O casamento se concretiza, mas logo Monalisa descobre que Silas n\u00e3o est\u00e1 nada doente, e os dois se separam.<\/p>\n<p>Olenka tenta consolar Silas, mas eles acabam se envolvendo. Monalisa tem um affair r\u00e1pido com Tuf\u00e3o, temporariamente separado de Carminha, mas os dois logo se separam. A cabeleireira, ent\u00e3o, decide se afastar de vez do ex-jogador e compra a parte dele no sal\u00e3o de beleza.<\/p>\n<p>Cheia de esperan\u00e7as de reatar o romance com Silas, Monalisa entra em choque ao descobrir que ele e Olenka est\u00e3o juntos. A amiga n\u00e3o teve coragem de contar para ela sobre o romance. E Monalisa faz mesmo um esc\u00e2ndalo ao flagr\u00e1-los juntos. Olenka \u00e9 demitida do sal\u00e3o da amiga.<\/p>\n<p>Como o filho de Monalisa decidiu dividir apartamento com o amigo Jorginho (Cau\u00e3 Reymond), na Zona Sul, e deixou o Divino, Monalisa fica sozinha de vez e opta por comprar um apartamento no mesmo bairro. Olenka, com medo de se afastar de vez da amiga, termina o romance com Silas e corre para pedir perd\u00e3o a Monalisa. Elas voltam \u00e0s boas. <\/p>\n<p>\u201cAvenida Brasil\u201d: a hist\u00f3ria de uma jovem que, desde os 11 anos, planeja um acerto de contas com a madrasta. Rita (Mel Maia), \u00f3rf\u00e3 de m\u00e3e, era criada, com muito amor, pelo pai Gen\u00e9sio (Tony Ramos). Tudo muda quando ele se casa com Carmen L\u00facia, a Carminha (Adriana Esteves), uma mulher ambiciosa e dissimulada. Com Gen\u00e9sio, ela se passava por esposa doce e dedicada; com Rita, era uma madrasta m\u00e1.<\/p>\n<p>A menina entra em desespero ao descobrir, ap\u00f3s ouvir uma conversa da madrasta ao telefone, que Carminha est\u00e1 armando um golpe contra seu pai: ele ser\u00e1 abordado na sa\u00edda do banco, logo ap\u00f3s receber o pagamento pela venda da casa onde mora com a filha e a nova esposa. <\/p>\n","protected":false},"excerpt":{"rendered":"<p>Novela \u201cAvenida Brasil\u201d: Monalisa (Helo\u00edsa P\u00e9riss\u00e9) come\u00e7ou a trabalhar como cabeleireira, ficou amiga-irm\u00e3 de Olenka (Fab\u00edula Nascimento) e apaixonou-se por Tuf\u00e3o (Murilo Ben\u00edcio), a quem incentivou, e muito, a se tornar jogador de futebol. Foi se tornando s\u00f3cia dele que a paraibana inaugurou o Monalisa Coiffeur, seu pr\u00f3prio sal\u00e3o de beleza. E o neg\u00f3cio deslanchou [&hellip;]<\/p>\n","protected":false},"author":2,"featured_media":184159,"comment_status":"open","ping_status":"closed","sticky":false,"template":"","format":"standard","meta":{"tdm_status":"","tdm_grid_status":"","footnotes":""},"categories":[549,388,379,375,343],"tags":[440],"class_list":{"0":"post-184158","1":"post","2":"type-post","3":"status-publish","4":"format-standard","5":"has-post-thumbnail","7":"category-avenida-brasil","8":"category-destaques","9":"category-novelas","10":"category-rede-globo","11":"category-televisao","12":"tag-noticia-novela"},"_links":{"self":[{"href":"https:\/\/migracao.redenoticia.com.br\/noticia\/wp-json\/wp\/v2\/posts\/184158","targetHints":{"allow":["GET"]}}],"collection":[{"href":"https:\/\/migracao.redenoticia.com.br\/noticia\/wp-json\/wp\/v2\/posts"}],"about":[{"href":"https:\/\/migracao.redenoticia.com.br\/noticia\/wp-json\/wp\/v2\/types\/post"}],"author":[{"embeddable":true,"href":"https:\/\/migracao.redenoticia.com.br\/noticia\/wp-json\/wp\/v2\/users\/2"}],"replies":[{"embeddable":true,"href":"https:\/\/migracao.redenoticia.com.br\/noticia\/wp-json\/wp\/v2\/comments?post=184158"}],"version-history":[{"count":0,"href":"https:\/\/migracao.redenoticia.com.br\/noticia\/wp-json\/wp\/v2\/posts\/184158\/revisions"}],"wp:featuredmedia":[{"embeddable":true,"href":"https:\/\/migracao.redenoticia.com.br\/noticia\/wp-json\/wp\/v2\/media\/184159"}],"wp:attachment":[{"href":"https:\/\/migracao.redenoticia.com.br\/noticia\/wp-json\/wp\/v2\/media?parent=184158"}],"wp:term":[{"taxonomy":"category","embeddable":true,"href":"https:\/\/migracao.redenoticia.com.br\/noticia\/wp-json\/wp\/v2\/categories?post=184158"},{"taxonomy":"post_tag","embeddable":true,"href":"https:\/\/migracao.redenoticia.com.br\/noticia\/wp-json\/wp\/v2\/tags?post=184158"}],"curies":[{"name":"wp","href":"https:\/\/api.w.org\/{rel}","templated":true}]}}