{"id":184246,"date":"2019-11-06T13:31:38","date_gmt":"2019-11-06T16:31:38","guid":{"rendered":"https:\/\/www.redenoticia.com.br\/noticia\/?p=184246"},"modified":"2019-11-06T13:31:38","modified_gmt":"2019-11-06T16:31:38","slug":"resumo-novela-a-que-nao-podia-amar-06-11-gustavo-diz-a-rogerio-que-lutara-pelo-amor-de-ana","status":"publish","type":"post","link":"https:\/\/migracao.redenoticia.com.br\/noticia\/2019\/resumo-novela-a-que-nao-podia-amar-06-11-gustavo-diz-a-rogerio-que-lutara-pelo-amor-de-ana\/184246","title":{"rendered":"Resumo novela \u201cA Que N\u00e3o Podia Amar\u201d 06\/11: Gustavo diz a Rog\u00e9rio que lutar\u00e1 pelo amor de Ana"},"content":{"rendered":"<p><img loading=\"lazy\" decoding=\"async\" class=\"aligncenter size-large wp-image-173635\" src=\"https:\/\/migracao.redenoticia.com.br\/noticia\/imagens\/a-que-nao-podia-amar-400x271.jpg\" alt=\"\" width=\"400\" height=\"271\" srcset=\"https:\/\/migracao.redenoticia.com.br\/noticia\/imagens\/a-que-nao-podia-amar-400x271.jpg 400w, https:\/\/migracao.redenoticia.com.br\/noticia\/imagens\/a-que-nao-podia-amar-250x169.jpg 250w, https:\/\/migracao.redenoticia.com.br\/noticia\/imagens\/a-que-nao-podia-amar-560x379.jpg 560w, https:\/\/migracao.redenoticia.com.br\/noticia\/imagens\/a-que-nao-podia-amar.jpg 620w\" sizes=\"auto, (max-width: 400px) 100vw, 400px\" \/><\/p>\n<p><strong><em>Resumo da novela \u201cA Que N\u00e3o Podia Amar\u201d<\/em><\/strong> em 06\/11: no cap\u00edtulo 153(*) da novela, quarta-feira, 06 de novembro, Ana Paula diz a Vanessa que j\u00e1 pensou bem e sim lutar\u00e1 pela heran\u00e7a que seu pai lhe deixou. Por outro lado, Rog\u00e9rio pede perd\u00e3o a Miguel pelo que fez e lhe diz que j\u00e1 tentou remediar, mas agora sabe que nunca ser\u00e1 suficiente. Bruno diz a Vanessa que nem tudo est\u00e1 perdido, pois ainda pode colocar seus bens no nome de outra pessoa para que Ana Paula n\u00e3o possa lhe tirar.<\/p>\n<p>Mercedes conversa com Ana Paula e diz que Gustavo ainda a ama e talvez mais adiante tenham a oportunidade de ser felizes. Mais tarde, Gustavo adverte a Rog\u00e9rio que quando o div\u00f3rcio se concretizar, lutar\u00e1 pelo amor de Ana Paula.<\/p>\n<p>(*) edi\u00e7\u00e3o do SBT, Novela \u201cA Que N\u00e3o Podia Amar\u201d, sujeito a altera\u00e7\u00e3o de data e conte\u00fado.<\/p>\n<p>&#8220;A Que N\u00e3o Podia Amar&#8221;- Ana Paula, uma enfermeira humilde que se v\u00ea obrigada a trabalhar na casa de Rog\u00e9rio Montero (Jorge Salinas), um homem amargurado. Rog\u00e9rio sofre por ser parapl\u00e9gico e destrata todas as pessoas. Ana Paula atura tudo calada e o rica\u00e7o se apaixona por ela.<\/p>\n<p>Ana conhece Gustavo Duran (Jos\u00e9 Ron), um engenheiro nobre e trabalhador. Os dois se apaixonam, mas ter\u00e3o de enfrentar Rog\u00e9rio, j\u00e1 que ele tamb\u00e9m gosta da mocinha, formando assim, um tri\u00e2ngulo amoroso com terr\u00edveis consequ\u00eancias.<\/p>\n","protected":false},"excerpt":{"rendered":"<p>Resumo da novela \u201cA Que N\u00e3o Podia Amar\u201d em 06\/11: no cap\u00edtulo 153(*) da novela, quarta-feira, 06 de novembro, Ana Paula diz a Vanessa que j\u00e1 pensou bem e sim lutar\u00e1 pela heran\u00e7a que seu pai lhe deixou. Por outro lado, Rog\u00e9rio pede perd\u00e3o a Miguel pelo que fez e lhe diz que j\u00e1 tentou [&hellip;]<\/p>\n","protected":false},"author":4,"featured_media":173627,"comment_status":"open","ping_status":"closed","sticky":false,"template":"","format":"standard","meta":{"tdm_status":"","tdm_grid_status":"","footnotes":""},"categories":[379,372,343],"tags":[441],"class_list":{"0":"post-184246","1":"post","2":"type-post","3":"status-publish","4":"format-standard","5":"has-post-thumbnail","7":"category-novelas","8":"category-sbt","9":"category-televisao","10":"tag-resumo-do-dia"},"_links":{"self":[{"href":"https:\/\/migracao.redenoticia.com.br\/noticia\/wp-json\/wp\/v2\/posts\/184246","targetHints":{"allow":["GET"]}}],"collection":[{"href":"https:\/\/migracao.redenoticia.com.br\/noticia\/wp-json\/wp\/v2\/posts"}],"about":[{"href":"https:\/\/migracao.redenoticia.com.br\/noticia\/wp-json\/wp\/v2\/types\/post"}],"author":[{"embeddable":true,"href":"https:\/\/migracao.redenoticia.com.br\/noticia\/wp-json\/wp\/v2\/users\/4"}],"replies":[{"embeddable":true,"href":"https:\/\/migracao.redenoticia.com.br\/noticia\/wp-json\/wp\/v2\/comments?post=184246"}],"version-history":[{"count":0,"href":"https:\/\/migracao.redenoticia.com.br\/noticia\/wp-json\/wp\/v2\/posts\/184246\/revisions"}],"wp:featuredmedia":[{"embeddable":true,"href":"https:\/\/migracao.redenoticia.com.br\/noticia\/wp-json\/wp\/v2\/media\/173627"}],"wp:attachment":[{"href":"https:\/\/migracao.redenoticia.com.br\/noticia\/wp-json\/wp\/v2\/media?parent=184246"}],"wp:term":[{"taxonomy":"category","embeddable":true,"href":"https:\/\/migracao.redenoticia.com.br\/noticia\/wp-json\/wp\/v2\/categories?post=184246"},{"taxonomy":"post_tag","embeddable":true,"href":"https:\/\/migracao.redenoticia.com.br\/noticia\/wp-json\/wp\/v2\/tags?post=184246"}],"curies":[{"name":"wp","href":"https:\/\/api.w.org\/{rel}","templated":true}]}}