{"id":184249,"date":"2019-11-06T13:32:53","date_gmt":"2019-11-06T16:32:53","guid":{"rendered":"https:\/\/www.redenoticia.com.br\/noticia\/?p=184249"},"modified":"2019-11-06T13:32:53","modified_gmt":"2019-11-06T16:32:53","slug":"resumo-novela-meu-coracao-e-teu-06-11-luz-volta-a-falar","status":"publish","type":"post","link":"https:\/\/migracao.redenoticia.com.br\/noticia\/2019\/resumo-novela-meu-coracao-e-teu-06-11-luz-volta-a-falar\/184249","title":{"rendered":"Resumo novela \u201cMeu Cora\u00e7\u00e3o \u00e9 Teu\u201d 06\/11: Luz volta a falar"},"content":{"rendered":"<p><img loading=\"lazy\" decoding=\"async\" src=\"https:\/\/migracao.redenoticia.com.br\/noticia\/imagens\/meu-coracao-e-teu-300x300.jpg\" alt=\"\" width=\"300\" height=\"300\" class=\"aligncenter size-large wp-image-183929\" srcset=\"https:\/\/migracao.redenoticia.com.br\/noticia\/imagens\/meu-coracao-e-teu-300x300.jpg 300w, https:\/\/migracao.redenoticia.com.br\/noticia\/imagens\/meu-coracao-e-teu-187x187.jpg 187w, https:\/\/migracao.redenoticia.com.br\/noticia\/imagens\/meu-coracao-e-teu-150x150.jpg 150w, https:\/\/migracao.redenoticia.com.br\/noticia\/imagens\/meu-coracao-e-teu-140x140.jpg 140w, https:\/\/migracao.redenoticia.com.br\/noticia\/imagens\/meu-coracao-e-teu-85x85.jpg 85w, https:\/\/migracao.redenoticia.com.br\/noticia\/imagens\/meu-coracao-e-teu.jpg 500w\" sizes=\"auto, (max-width: 300px) 100vw, 300px\" \/> <strong><em>Resumo da novela \u201cMeu Cora\u00e7\u00e3o \u00e9 Teu\u201d<\/em><\/strong> em 06\/11: no cap\u00edtulo 003(*) da novela, quarta-feira, 06 de novembro, os irm\u00e3os decidem colocar p\u00f3 de mico na cama de Ana. Ela come\u00e7a a se co\u00e7ar, e sai de sua cama. Nisso ela percebe que os g\u00eameos deixaram um carro c\u00e2mera para grav\u00e1-la. Ana sai para persegui-los, mas ao chegar nas escadas trope\u00e7a e cai escada abaixo, ficando inconsciente. Ana \u00e9 levada ao hospital, onde o doutor lhes diz que tudo parece estar bem. Fernando traz Ana de volta e os g\u00eameos lhe pedem desculpas. Ana imp\u00f5e uma condi\u00e7\u00e3o: um beijo. Al\u00edcia sente c\u00f3licas e Ana leva uma bolsa quente para que se sinta melhor. Ana sai para jogar futebol com os g\u00eameos e com Sebasti\u00e3o. Sebasti\u00e3o conta a Ana que o que ele quer \u00e9 dan\u00e7ar hip hop, Ana confessa que ela ama dan\u00e7ar tamb\u00e9m. Ana conta uma hist\u00f3ria para Luz e diz que espera que fale em breve.<\/p>\n<p>Ana e Jennifer v\u00e3o \u00e0 empresa procurar Fernando, mas s\u00e3o confundidas com a senhora Vel\u00e1zquez, uma cliente potencial, e s\u00e3o levadas para ver o vice-presidente. O vice-presidente sofre uma repentina les\u00e3o nas costas e Ana se oferece para ajud\u00e1-lo. Fernando se aborrece j\u00e1 que a verdadeira senhora Vel\u00e1zquez decidiu retirar seu investimento. Fernando fala seriamente com Ana e lhe diz que lhe dar\u00e1 um contrato provis\u00f3rio de uma semana. Ana conta para a tropa que ela cresceu num lar adotivo e que nunca conheceu sua m\u00e3e. Bruno encontra Ana dormindo na biblioteca enquanto estudava, ele a acorda. Ana fala com as crian\u00e7as na cozinha e lhes demonstra o que aprendeu. Ana e a tropa cantam uma can\u00e7\u00e3o. Manuela e Bruno acreditam que Ana superou a prova. Isabela vai \u00e0 mans\u00e3o e se v\u00ea como a futura senhora Lascurain, Ana derruba um ch\u00e1 nela por acidente.<\/p>\n<p>Johnny chega na mans\u00e3o e Ana, surpresa, o leva ao jardim para conversarem. Fanny escuta a conversa e descobre que Ana dan\u00e7a na Chicago. Fanny confronta Ana e amea\u00e7a contar o que sabe a Fernando. Ana prefere ir embora antes de romper o cora\u00e7\u00e3o das crian\u00e7as. Luz acorda no meio da noite e descobre que Ana foi embora. Luz volta a falar e gritando pergunta pela mo\u00e7a. Fernando se encanta por ver que Luz voltou a falar, mas se pergunta onde estar\u00e1 Ana. Fanny decide guardar o segredo ao ver o que Ana conseguiu. As crian\u00e7as decidem fazer uma greve de sil\u00eancio at\u00e9 que Fernando encontre Ana de novo. Bruno diz a Fernando que ele considera que Ana \u00e9 a melhor op\u00e7\u00e3o. Ana \u00e9 amea\u00e7ada por Doroteo, quem lhe diz que se n\u00e3o pagar a d\u00edvida ir\u00e3o machucar Johnny.<\/p>\n<p>(*) edi\u00e7\u00e3o do SBT, Novela \u201cMeu Cora\u00e7\u00e3o \u00e9 Teu\u201d, sujeito a altera\u00e7\u00e3o de data e conte\u00fado.<\/p>\n<p>Novela \u201cMeu Cora\u00e7\u00e3o \u00e9 Teu\u201d: Ana Leal \u00e9 uma mulher alegre e otimista. Um desastre destr\u00f3i sua casa e Ana perde tudo o que tem. Fernando Lascur\u00e1in, um prestigiado empres\u00e1rio que se lembra com tristeza que h\u00e1 um ano morreu sua esposa. Fernando \u00e9 o pai de sete filhos: Fanny de 19 anos, Nando de 17 anos, Alicia de 14 anos, Sebasti\u00e3o de 11 anos, os g\u00eameos Alex e Guille de 8 anos e a pequena Luz de 4 anos. Estes sete \u201cpequenos\u201d se encarregaram de fazer a vida de dezenas de bab\u00e1s imposs\u00edvel, mas Fernando precisa urgentemente de uma bab\u00e1 que cuide de seus filhos.<\/p>\n<p>As necessidades e a vontade de se superar, levam Ana a buscar outro trabalho. Sua falta de experi\u00eancia, e sua educa\u00e7\u00e3o prec\u00e1ria complicam o processo de ela encontrar um trabalho est\u00e1vel. Mas o destino tem algo preparado a ela: por uma confus\u00e3o, Ana termina chegando \u00e0 mans\u00e3o Lascur\u00e1in sem saber que l\u00e1 encontrar\u00e1 tudo o que sempre sonhou.<\/p>\n","protected":false},"excerpt":{"rendered":"<p>Resumo da novela \u201cMeu Cora\u00e7\u00e3o \u00e9 Teu\u201d em 06\/11: no cap\u00edtulo 003(*) da novela, quarta-feira, 06 de novembro, os irm\u00e3os decidem colocar p\u00f3 de mico na cama de Ana. Ela come\u00e7a a se co\u00e7ar, e sai de sua cama. Nisso ela percebe que os g\u00eameos deixaram um carro c\u00e2mera para grav\u00e1-la. Ana sai para persegui-los, [&hellip;]<\/p>\n","protected":false},"author":4,"featured_media":183928,"comment_status":"open","ping_status":"closed","sticky":false,"template":"","format":"standard","meta":{"tdm_status":"","tdm_grid_status":"","footnotes":""},"categories":[379,372,343],"tags":[441],"class_list":{"0":"post-184249","1":"post","2":"type-post","3":"status-publish","4":"format-standard","5":"has-post-thumbnail","7":"category-novelas","8":"category-sbt","9":"category-televisao","10":"tag-resumo-do-dia"},"_links":{"self":[{"href":"https:\/\/migracao.redenoticia.com.br\/noticia\/wp-json\/wp\/v2\/posts\/184249","targetHints":{"allow":["GET"]}}],"collection":[{"href":"https:\/\/migracao.redenoticia.com.br\/noticia\/wp-json\/wp\/v2\/posts"}],"about":[{"href":"https:\/\/migracao.redenoticia.com.br\/noticia\/wp-json\/wp\/v2\/types\/post"}],"author":[{"embeddable":true,"href":"https:\/\/migracao.redenoticia.com.br\/noticia\/wp-json\/wp\/v2\/users\/4"}],"replies":[{"embeddable":true,"href":"https:\/\/migracao.redenoticia.com.br\/noticia\/wp-json\/wp\/v2\/comments?post=184249"}],"version-history":[{"count":0,"href":"https:\/\/migracao.redenoticia.com.br\/noticia\/wp-json\/wp\/v2\/posts\/184249\/revisions"}],"wp:featuredmedia":[{"embeddable":true,"href":"https:\/\/migracao.redenoticia.com.br\/noticia\/wp-json\/wp\/v2\/media\/183928"}],"wp:attachment":[{"href":"https:\/\/migracao.redenoticia.com.br\/noticia\/wp-json\/wp\/v2\/media?parent=184249"}],"wp:term":[{"taxonomy":"category","embeddable":true,"href":"https:\/\/migracao.redenoticia.com.br\/noticia\/wp-json\/wp\/v2\/categories?post=184249"},{"taxonomy":"post_tag","embeddable":true,"href":"https:\/\/migracao.redenoticia.com.br\/noticia\/wp-json\/wp\/v2\/tags?post=184249"}],"curies":[{"name":"wp","href":"https:\/\/api.w.org\/{rel}","templated":true}]}}