{"id":184264,"date":"2019-11-06T13:42:32","date_gmt":"2019-11-06T16:42:32","guid":{"rendered":"https:\/\/www.redenoticia.com.br\/noticia\/?p=184264"},"modified":"2019-11-06T13:42:32","modified_gmt":"2019-11-06T16:42:32","slug":"resumo-novela-a-dona-do-pedaco-06-11-maria-da-paz-visita-jo","status":"publish","type":"post","link":"https:\/\/migracao.redenoticia.com.br\/noticia\/2019\/resumo-novela-a-dona-do-pedaco-06-11-maria-da-paz-visita-jo\/184264","title":{"rendered":"Resumo novela \u201cA Dona do Peda\u00e7o\u201d 06\/11: Maria da Paz visita J\u00f4"},"content":{"rendered":"<p><img loading=\"lazy\" decoding=\"async\" class=\"aligncenter size-large wp-image-175347\" src=\"https:\/\/migracao.redenoticia.com.br\/noticia\/imagens\/A-Dona-do-Pedaco-globo-261x300.jpg\" alt=\"\" width=\"261\" height=\"300\" srcset=\"https:\/\/migracao.redenoticia.com.br\/noticia\/imagens\/A-Dona-do-Pedaco-globo-261x300.jpg 261w, https:\/\/migracao.redenoticia.com.br\/noticia\/imagens\/A-Dona-do-Pedaco-globo-163x187.jpg 163w, https:\/\/migracao.redenoticia.com.br\/noticia\/imagens\/A-Dona-do-Pedaco-globo.jpg 600w\" sizes=\"auto, (max-width: 261px) 100vw, 261px\" \/><\/p>\n<p><em><strong>Resumo novela \u201cA Dona do Peda\u00e7o\u201d 06\/11<\/strong><\/em>: no cap\u00edtulo 147(*) da novela, quarta-feira, 06 de novembro, J\u00f4 orienta Agno sobre como encontrar Wiliam. Matilde confunde Maria da Paz com a m\u00e3e de Joana. Vivi marca um encontro com Chiclete. J\u00f4 fala com Agno sobre o documento que devolve a f\u00e1brica para Maria da Paz. T\u00e9o e Yohana se beijam. R\u00e9gis pede que seu dinheiro seja liberado. Amadeu avisa a Maria da Paz que tentar\u00e1 reduzir a pena de J\u00f4.<\/p>\n<p>Carlito tenta convencer C\u00e1ssia e Merlin a avisar a Pol\u00edcia sobre o encontro com Lauro. Camilo quebra os cart\u00f5es de cr\u00e9dito de Vivi. M\u00e1rcio pede para Kim n\u00e3o se casar com Paix\u00e3o. R\u00e9gis vai ao cassino para pagar a d\u00edvida e \u00e9 tentado a jogar. Agno amea\u00e7a Fabiana. Maria da Paz visita J\u00f4.<\/p>\n<p>(*) edi\u00e7\u00e3o da Rede Globo, Novela \u201cA Dona do Peda\u00e7o\u201d, sujeito a altera\u00e7\u00e3o de data e conte\u00fado.<\/p>\n<p>Sinopse \u201cA Dona do Peda\u00e7o\u201d: a novela enaltece a trajet\u00f3ria de Maria da Paz (Juliana Paes), uma jovem humilde, da cidade fict\u00edcia de Rio Vermelho, no Esp\u00edrito Santo. Maria vem de uma fam\u00edlia de justiceiros profissionais, os Ramirez, e se apaixona justamente por Amadeu (Marcos Palmeira), advogado formado em Vit\u00f3ria e membro do cl\u00e3 rival nos neg\u00f3cios, os Matheus. A trama, dividida em um pr\u00f3logo e duas fases, traz uma hist\u00f3ria de amor com elementos \u00e0 Romeu e Julieta, sem perder o humor, que permeia todo o folhetim.<\/p>\n","protected":false},"excerpt":{"rendered":"<p>Resumo novela \u201cA Dona do Peda\u00e7o\u201d 06\/11: no cap\u00edtulo 147(*) da novela, quarta-feira, 06 de novembro, J\u00f4 orienta Agno sobre como encontrar Wiliam. Matilde confunde Maria da Paz com a m\u00e3e de Joana. Vivi marca um encontro com Chiclete. J\u00f4 fala com Agno sobre o documento que devolve a f\u00e1brica para Maria da Paz. T\u00e9o [&hellip;]<\/p>\n","protected":false},"author":4,"featured_media":175348,"comment_status":"open","ping_status":"closed","sticky":false,"template":"","format":"standard","meta":{"tdm_status":"","tdm_grid_status":"","footnotes":""},"categories":[543,379,375,343],"tags":[441],"class_list":{"0":"post-184264","1":"post","2":"type-post","3":"status-publish","4":"format-standard","5":"has-post-thumbnail","7":"category-a-dona-do-pedaco","8":"category-novelas","9":"category-rede-globo","10":"category-televisao","11":"tag-resumo-do-dia"},"_links":{"self":[{"href":"https:\/\/migracao.redenoticia.com.br\/noticia\/wp-json\/wp\/v2\/posts\/184264","targetHints":{"allow":["GET"]}}],"collection":[{"href":"https:\/\/migracao.redenoticia.com.br\/noticia\/wp-json\/wp\/v2\/posts"}],"about":[{"href":"https:\/\/migracao.redenoticia.com.br\/noticia\/wp-json\/wp\/v2\/types\/post"}],"author":[{"embeddable":true,"href":"https:\/\/migracao.redenoticia.com.br\/noticia\/wp-json\/wp\/v2\/users\/4"}],"replies":[{"embeddable":true,"href":"https:\/\/migracao.redenoticia.com.br\/noticia\/wp-json\/wp\/v2\/comments?post=184264"}],"version-history":[{"count":0,"href":"https:\/\/migracao.redenoticia.com.br\/noticia\/wp-json\/wp\/v2\/posts\/184264\/revisions"}],"wp:featuredmedia":[{"embeddable":true,"href":"https:\/\/migracao.redenoticia.com.br\/noticia\/wp-json\/wp\/v2\/media\/175348"}],"wp:attachment":[{"href":"https:\/\/migracao.redenoticia.com.br\/noticia\/wp-json\/wp\/v2\/media?parent=184264"}],"wp:term":[{"taxonomy":"category","embeddable":true,"href":"https:\/\/migracao.redenoticia.com.br\/noticia\/wp-json\/wp\/v2\/categories?post=184264"},{"taxonomy":"post_tag","embeddable":true,"href":"https:\/\/migracao.redenoticia.com.br\/noticia\/wp-json\/wp\/v2\/tags?post=184264"}],"curies":[{"name":"wp","href":"https:\/\/api.w.org\/{rel}","templated":true}]}}