{"id":184299,"date":"2019-11-07T12:26:32","date_gmt":"2019-11-07T15:26:32","guid":{"rendered":"https:\/\/www.redenoticia.com.br\/noticia\/?p=184299"},"modified":"2019-11-07T12:26:32","modified_gmt":"2019-11-07T15:26:32","slug":"resumo-novela-a-que-nao-podia-amar-07-11-cintia-jura-matar-ana-paula","status":"publish","type":"post","link":"https:\/\/migracao.redenoticia.com.br\/noticia\/2019\/resumo-novela-a-que-nao-podia-amar-07-11-cintia-jura-matar-ana-paula\/184299","title":{"rendered":"Resumo novela \u201cA Que N\u00e3o Podia Amar\u201d 07\/11: C\u00edntia jura matar Ana Paula"},"content":{"rendered":"<p><img loading=\"lazy\" decoding=\"async\" class=\"aligncenter size-large wp-image-173635\" src=\"https:\/\/migracao.redenoticia.com.br\/noticia\/imagens\/a-que-nao-podia-amar-400x271.jpg\" alt=\"\" width=\"400\" height=\"271\" srcset=\"https:\/\/migracao.redenoticia.com.br\/noticia\/imagens\/a-que-nao-podia-amar-400x271.jpg 400w, https:\/\/migracao.redenoticia.com.br\/noticia\/imagens\/a-que-nao-podia-amar-250x169.jpg 250w, https:\/\/migracao.redenoticia.com.br\/noticia\/imagens\/a-que-nao-podia-amar-560x379.jpg 560w, https:\/\/migracao.redenoticia.com.br\/noticia\/imagens\/a-que-nao-podia-amar.jpg 620w\" sizes=\"auto, (max-width: 400px) 100vw, 400px\" \/><\/p>\n<p><strong><em>Resumo da novela \u201cA Que N\u00e3o Podia Amar\u201d<\/em><\/strong> em 07\/11: no cap\u00edtulo 154(*) da novela, quinta-feira, 07 de novembro, com l\u00e1grimas nos olhos, Maria diz a C\u00edntia que se quer continuar fazendo coisas ruins, que fa\u00e7a sozinha, pois ela j\u00e1 n\u00e3o vai apoi\u00e1-la. Rog\u00e9rio discute com Gustavo e lhe diz que s\u00f3 Ana Paula sabe o que sente, mas o engenheiro responde que se tudo ocorrer bem, Ana refar\u00e1 sua vida ao seu lado. Miguel pede \u00e0 sua irm\u00e3 que procure sua felicidade, e se acredita que \u00e9 ao lado de Rog\u00e9rio, que n\u00e3o se preocupe com ele.<\/p>\n<p>Cheia de f\u00faria, C\u00edntia jura a Miguel que quando sair da cadeia vai matar Ana Paula. Gustavo procura Ana Paula para dizer que os dois est\u00e3o recebendo uma nova oportunidade para serem felizes, como sempre sonharam. Rog\u00e9rio pede a Ana Paula que o olhe nos olhos e diga que j\u00e1 n\u00e3o o ama, em seguida se aproxima dela para beij\u00e1-la.<\/p>\n<p>(*) edi\u00e7\u00e3o do SBT, Novela \u201cA Que N\u00e3o Podia Amar\u201d, sujeito a altera\u00e7\u00e3o de data e conte\u00fado.<\/p>\n<p>&#8220;A Que N\u00e3o Podia Amar&#8221;- Ana Paula, uma enfermeira humilde que se v\u00ea obrigada a trabalhar na casa de Rog\u00e9rio Montero (Jorge Salinas), um homem amargurado. Rog\u00e9rio sofre por ser parapl\u00e9gico e destrata todas as pessoas. Ana Paula atura tudo calada e o rica\u00e7o se apaixona por ela.<\/p>\n<p>Ana conhece Gustavo Duran (Jos\u00e9 Ron), um engenheiro nobre e trabalhador. Os dois se apaixonam, mas ter\u00e3o de enfrentar Rog\u00e9rio, j\u00e1 que ele tamb\u00e9m gosta da mocinha, formando assim, um tri\u00e2ngulo amoroso com terr\u00edveis consequ\u00eancias.<\/p>\n","protected":false},"excerpt":{"rendered":"<p>Resumo da novela \u201cA Que N\u00e3o Podia Amar\u201d em 07\/11: no cap\u00edtulo 154(*) da novela, quinta-feira, 07 de novembro, com l\u00e1grimas nos olhos, Maria diz a C\u00edntia que se quer continuar fazendo coisas ruins, que fa\u00e7a sozinha, pois ela j\u00e1 n\u00e3o vai apoi\u00e1-la. Rog\u00e9rio discute com Gustavo e lhe diz que s\u00f3 Ana Paula sabe [&hellip;]<\/p>\n","protected":false},"author":4,"featured_media":173627,"comment_status":"open","ping_status":"closed","sticky":false,"template":"","format":"standard","meta":{"tdm_status":"","tdm_grid_status":"","footnotes":""},"categories":[379,372,343],"tags":[441],"class_list":{"0":"post-184299","1":"post","2":"type-post","3":"status-publish","4":"format-standard","5":"has-post-thumbnail","7":"category-novelas","8":"category-sbt","9":"category-televisao","10":"tag-resumo-do-dia"},"_links":{"self":[{"href":"https:\/\/migracao.redenoticia.com.br\/noticia\/wp-json\/wp\/v2\/posts\/184299","targetHints":{"allow":["GET"]}}],"collection":[{"href":"https:\/\/migracao.redenoticia.com.br\/noticia\/wp-json\/wp\/v2\/posts"}],"about":[{"href":"https:\/\/migracao.redenoticia.com.br\/noticia\/wp-json\/wp\/v2\/types\/post"}],"author":[{"embeddable":true,"href":"https:\/\/migracao.redenoticia.com.br\/noticia\/wp-json\/wp\/v2\/users\/4"}],"replies":[{"embeddable":true,"href":"https:\/\/migracao.redenoticia.com.br\/noticia\/wp-json\/wp\/v2\/comments?post=184299"}],"version-history":[{"count":0,"href":"https:\/\/migracao.redenoticia.com.br\/noticia\/wp-json\/wp\/v2\/posts\/184299\/revisions"}],"wp:featuredmedia":[{"embeddable":true,"href":"https:\/\/migracao.redenoticia.com.br\/noticia\/wp-json\/wp\/v2\/media\/173627"}],"wp:attachment":[{"href":"https:\/\/migracao.redenoticia.com.br\/noticia\/wp-json\/wp\/v2\/media?parent=184299"}],"wp:term":[{"taxonomy":"category","embeddable":true,"href":"https:\/\/migracao.redenoticia.com.br\/noticia\/wp-json\/wp\/v2\/categories?post=184299"},{"taxonomy":"post_tag","embeddable":true,"href":"https:\/\/migracao.redenoticia.com.br\/noticia\/wp-json\/wp\/v2\/tags?post=184299"}],"curies":[{"name":"wp","href":"https:\/\/api.w.org\/{rel}","templated":true}]}}