{"id":184317,"date":"2019-11-07T12:37:37","date_gmt":"2019-11-07T15:37:37","guid":{"rendered":"https:\/\/www.redenoticia.com.br\/noticia\/?p=184317"},"modified":"2019-11-07T12:37:37","modified_gmt":"2019-11-07T15:37:37","slug":"resumo-novela-a-dona-do-pedaco-07-11-jo-se-declara-inocente-em-seu-depoimento","status":"publish","type":"post","link":"https:\/\/migracao.redenoticia.com.br\/noticia\/2019\/resumo-novela-a-dona-do-pedaco-07-11-jo-se-declara-inocente-em-seu-depoimento\/184317","title":{"rendered":"Resumo novela \u201cA Dona do Peda\u00e7o\u201d 07\/11: J\u00f4 se declara inocente em seu depoimento"},"content":{"rendered":"<p><img loading=\"lazy\" decoding=\"async\" class=\"aligncenter size-large wp-image-175347\" src=\"https:\/\/migracao.redenoticia.com.br\/noticia\/imagens\/A-Dona-do-Pedaco-globo-261x300.jpg\" alt=\"\" width=\"261\" height=\"300\" srcset=\"https:\/\/migracao.redenoticia.com.br\/noticia\/imagens\/A-Dona-do-Pedaco-globo-261x300.jpg 261w, https:\/\/migracao.redenoticia.com.br\/noticia\/imagens\/A-Dona-do-Pedaco-globo-163x187.jpg 163w, https:\/\/migracao.redenoticia.com.br\/noticia\/imagens\/A-Dona-do-Pedaco-globo.jpg 600w\" sizes=\"auto, (max-width: 261px) 100vw, 261px\" \/><\/p>\n<p><em><strong>Resumo novela \u201cA Dona do Peda\u00e7o\u201d 07\/11<\/strong><\/em>: no cap\u00edtulo 148(*) da novela, quinta-feira, 07 de novembro, J\u00f4 pede a Maria da Paz para mentir no julgamento. R\u00e9gis desiste de jogar e paga sua d\u00edvida. Kim e M\u00e1rcio se amam. Fabiana se enfurece com Agno. Carlito conta sobre o encontro que C\u00e1ssia e os amigos marcaram com Lauro e Amadeu alerta Agno. Lauro ataca Merlin e Leandro chega na hora, mas acaba ferido. Evelina afirma que ajudar\u00e1 J\u00f4.<\/p>\n<p>J\u00f4 pede para falar com T\u00e9o. C\u00e1ssia se desculpa com Leandro. Beatriz e Ot\u00e1vio se divorciam. Dona C\u00e9u chantageia Fabiana. Agno encontra Wiliam, que informa que seu verdadeiro nome \u00e9 Bernardo. Kim se surpreende ao descobrir que Vivi n\u00e3o tem mais cart\u00e3o de cr\u00e9dito. Em seu depoimento oficial, J\u00f4 se declara inocente.<\/p>\n<p>(*) edi\u00e7\u00e3o da Rede Globo, Novela \u201cA Dona do Peda\u00e7o\u201d, sujeito a altera\u00e7\u00e3o de data e conte\u00fado.<\/p>\n<p>Sinopse \u201cA Dona do Peda\u00e7o\u201d: a novela enaltece a trajet\u00f3ria de Maria da Paz (Juliana Paes), uma jovem humilde, da cidade fict\u00edcia de Rio Vermelho, no Esp\u00edrito Santo. Maria vem de uma fam\u00edlia de justiceiros profissionais, os Ramirez, e se apaixona justamente por Amadeu (Marcos Palmeira), advogado formado em Vit\u00f3ria e membro do cl\u00e3 rival nos neg\u00f3cios, os Matheus. A trama, dividida em um pr\u00f3logo e duas fases, traz uma hist\u00f3ria de amor com elementos \u00e0 Romeu e Julieta, sem perder o humor, que permeia todo o folhetim.<\/p>\n","protected":false},"excerpt":{"rendered":"<p>Resumo novela \u201cA Dona do Peda\u00e7o\u201d 07\/11: no cap\u00edtulo 148(*) da novela, quinta-feira, 07 de novembro, J\u00f4 pede a Maria da Paz para mentir no julgamento. R\u00e9gis desiste de jogar e paga sua d\u00edvida. Kim e M\u00e1rcio se amam. Fabiana se enfurece com Agno. Carlito conta sobre o encontro que C\u00e1ssia e os amigos marcaram [&hellip;]<\/p>\n","protected":false},"author":4,"featured_media":175348,"comment_status":"open","ping_status":"closed","sticky":false,"template":"","format":"standard","meta":{"tdm_status":"","tdm_grid_status":"","footnotes":""},"categories":[543,379,375,343],"tags":[441],"class_list":{"0":"post-184317","1":"post","2":"type-post","3":"status-publish","4":"format-standard","5":"has-post-thumbnail","7":"category-a-dona-do-pedaco","8":"category-novelas","9":"category-rede-globo","10":"category-televisao","11":"tag-resumo-do-dia"},"_links":{"self":[{"href":"https:\/\/migracao.redenoticia.com.br\/noticia\/wp-json\/wp\/v2\/posts\/184317","targetHints":{"allow":["GET"]}}],"collection":[{"href":"https:\/\/migracao.redenoticia.com.br\/noticia\/wp-json\/wp\/v2\/posts"}],"about":[{"href":"https:\/\/migracao.redenoticia.com.br\/noticia\/wp-json\/wp\/v2\/types\/post"}],"author":[{"embeddable":true,"href":"https:\/\/migracao.redenoticia.com.br\/noticia\/wp-json\/wp\/v2\/users\/4"}],"replies":[{"embeddable":true,"href":"https:\/\/migracao.redenoticia.com.br\/noticia\/wp-json\/wp\/v2\/comments?post=184317"}],"version-history":[{"count":0,"href":"https:\/\/migracao.redenoticia.com.br\/noticia\/wp-json\/wp\/v2\/posts\/184317\/revisions"}],"wp:featuredmedia":[{"embeddable":true,"href":"https:\/\/migracao.redenoticia.com.br\/noticia\/wp-json\/wp\/v2\/media\/175348"}],"wp:attachment":[{"href":"https:\/\/migracao.redenoticia.com.br\/noticia\/wp-json\/wp\/v2\/media?parent=184317"}],"wp:term":[{"taxonomy":"category","embeddable":true,"href":"https:\/\/migracao.redenoticia.com.br\/noticia\/wp-json\/wp\/v2\/categories?post=184317"},{"taxonomy":"post_tag","embeddable":true,"href":"https:\/\/migracao.redenoticia.com.br\/noticia\/wp-json\/wp\/v2\/tags?post=184317"}],"curies":[{"name":"wp","href":"https:\/\/api.w.org\/{rel}","templated":true}]}}