{"id":184357,"date":"2019-11-08T12:23:01","date_gmt":"2019-11-08T15:23:01","guid":{"rendered":"https:\/\/www.redenoticia.com.br\/noticia\/?p=184357"},"modified":"2019-11-08T12:23:01","modified_gmt":"2019-11-08T15:23:01","slug":"resumo-novela-a-dona-do-pedaco-09-11-comeca-o-julgamento-de-jo","status":"publish","type":"post","link":"https:\/\/migracao.redenoticia.com.br\/noticia\/2019\/resumo-novela-a-dona-do-pedaco-09-11-comeca-o-julgamento-de-jo\/184357","title":{"rendered":"Resumo novela \u201cA Dona do Peda\u00e7o\u201d 09\/11: Come\u00e7a o julgamento de J\u00f4"},"content":{"rendered":"<p><img loading=\"lazy\" decoding=\"async\" class=\"aligncenter size-large wp-image-175347\" src=\"https:\/\/migracao.redenoticia.com.br\/noticia\/imagens\/A-Dona-do-Pedaco-globo-261x300.jpg\" alt=\"\" width=\"261\" height=\"300\" srcset=\"https:\/\/migracao.redenoticia.com.br\/noticia\/imagens\/A-Dona-do-Pedaco-globo-261x300.jpg 261w, https:\/\/migracao.redenoticia.com.br\/noticia\/imagens\/A-Dona-do-Pedaco-globo-163x187.jpg 163w, https:\/\/migracao.redenoticia.com.br\/noticia\/imagens\/A-Dona-do-Pedaco-globo.jpg 600w\" sizes=\"auto, (max-width: 261px) 100vw, 261px\" \/><\/p>\n<p><em><strong>Resumo novela \u201cA Dona do Peda\u00e7o\u201d 09\/11<\/strong><\/em>: no cap\u00edtulo 150(*) da novela, s\u00e1bado, 09 de novembro, Tib\u00e9rio afirma que J\u00f4 pode ser inocentada se conseguir atenuar os depoimentos de T\u00e9o e Fabiana. R\u00e9gis leva Lyris para conhecer Arthur. Amadeu avisa a Maria da Paz que o julgamento de J\u00f4 foi marcado. Tib\u00e9rio conversa com Evelina. Bernardo come\u00e7a a trabalhar na f\u00e1brica. Fabiana dispensa a consultoria de Antero. Abdias pede para S\u00edlvia acompanh\u00e1-lo em sua reuni\u00e3o nos alc\u00f3olicos an\u00f4nimos.<\/p>\n<p>Vivi leva Linda para fotografar no est\u00fadio. Tib\u00e9rio procura Fabiana e R\u00e9gis. Vivi teme que Camilo a sequestre. Tib\u00e9rio tenta convencer T\u00e9o a atenuar seu depoimento contra J\u00f4. Camilo pede que Eus\u00e9bio deponha como testemunha de acusa\u00e7\u00e3o. Bernardo mexe no computador de Fabiana. Amadeu leva Maria da Paz para o tribunal. Come\u00e7a o julgamento de J\u00f4.<\/p>\n<p>(*) edi\u00e7\u00e3o da Rede Globo, Novela \u201cA Dona do Peda\u00e7o\u201d, sujeito a altera\u00e7\u00e3o de data e conte\u00fado.<\/p>\n<p>Sinopse \u201cA Dona do Peda\u00e7o\u201d: a novela enaltece a trajet\u00f3ria de Maria da Paz (Juliana Paes), uma jovem humilde, da cidade fict\u00edcia de Rio Vermelho, no Esp\u00edrito Santo. Maria vem de uma fam\u00edlia de justiceiros profissionais, os Ramirez, e se apaixona justamente por Amadeu (Marcos Palmeira), advogado formado em Vit\u00f3ria e membro do cl\u00e3 rival nos neg\u00f3cios, os Matheus. A trama, dividida em um pr\u00f3logo e duas fases, traz uma hist\u00f3ria de amor com elementos \u00e0 Romeu e Julieta, sem perder o humor, que permeia todo o folhetim.<\/p>\n","protected":false},"excerpt":{"rendered":"<p>Resumo novela \u201cA Dona do Peda\u00e7o\u201d 09\/11: no cap\u00edtulo 150(*) da novela, s\u00e1bado, 09 de novembro, Tib\u00e9rio afirma que J\u00f4 pode ser inocentada se conseguir atenuar os depoimentos de T\u00e9o e Fabiana. R\u00e9gis leva Lyris para conhecer Arthur. Amadeu avisa a Maria da Paz que o julgamento de J\u00f4 foi marcado. Tib\u00e9rio conversa com Evelina. [&hellip;]<\/p>\n","protected":false},"author":4,"featured_media":175348,"comment_status":"open","ping_status":"closed","sticky":false,"template":"","format":"standard","meta":{"tdm_status":"","tdm_grid_status":"","footnotes":""},"categories":[543,379,375,343],"tags":[441],"class_list":{"0":"post-184357","1":"post","2":"type-post","3":"status-publish","4":"format-standard","5":"has-post-thumbnail","7":"category-a-dona-do-pedaco","8":"category-novelas","9":"category-rede-globo","10":"category-televisao","11":"tag-resumo-do-dia"},"_links":{"self":[{"href":"https:\/\/migracao.redenoticia.com.br\/noticia\/wp-json\/wp\/v2\/posts\/184357","targetHints":{"allow":["GET"]}}],"collection":[{"href":"https:\/\/migracao.redenoticia.com.br\/noticia\/wp-json\/wp\/v2\/posts"}],"about":[{"href":"https:\/\/migracao.redenoticia.com.br\/noticia\/wp-json\/wp\/v2\/types\/post"}],"author":[{"embeddable":true,"href":"https:\/\/migracao.redenoticia.com.br\/noticia\/wp-json\/wp\/v2\/users\/4"}],"replies":[{"embeddable":true,"href":"https:\/\/migracao.redenoticia.com.br\/noticia\/wp-json\/wp\/v2\/comments?post=184357"}],"version-history":[{"count":0,"href":"https:\/\/migracao.redenoticia.com.br\/noticia\/wp-json\/wp\/v2\/posts\/184357\/revisions"}],"wp:featuredmedia":[{"embeddable":true,"href":"https:\/\/migracao.redenoticia.com.br\/noticia\/wp-json\/wp\/v2\/media\/175348"}],"wp:attachment":[{"href":"https:\/\/migracao.redenoticia.com.br\/noticia\/wp-json\/wp\/v2\/media?parent=184357"}],"wp:term":[{"taxonomy":"category","embeddable":true,"href":"https:\/\/migracao.redenoticia.com.br\/noticia\/wp-json\/wp\/v2\/categories?post=184357"},{"taxonomy":"post_tag","embeddable":true,"href":"https:\/\/migracao.redenoticia.com.br\/noticia\/wp-json\/wp\/v2\/tags?post=184357"}],"curies":[{"name":"wp","href":"https:\/\/api.w.org\/{rel}","templated":true}]}}