{"id":184492,"date":"2019-11-12T13:19:45","date_gmt":"2019-11-12T16:19:45","guid":{"rendered":"https:\/\/www.redenoticia.com.br\/noticia\/?p=184492"},"modified":"2019-11-12T13:19:45","modified_gmt":"2019-11-12T16:19:45","slug":"resumo-novela-as-aventuras-de-poliana-13-11-filipa-sofre-ataques-nas-redes-sociais","status":"publish","type":"post","link":"https:\/\/migracao.redenoticia.com.br\/noticia\/2019\/resumo-novela-as-aventuras-de-poliana-13-11-filipa-sofre-ataques-nas-redes-sociais\/184492","title":{"rendered":"Resumo novela \u201cAs Aventuras de Poliana\u201d 13\/11: Filipa sofre ataques nas redes sociais"},"content":{"rendered":"<p><img loading=\"lazy\" decoding=\"async\" class=\"aligncenter size-large wp-image-148662\" src=\"https:\/\/migracao.redenoticia.com.br\/noticia\/imagens\/as-aventuras-de-poliana-novela-400x267.jpg\" alt=\"\" width=\"400\" height=\"267\" srcset=\"https:\/\/migracao.redenoticia.com.br\/noticia\/imagens\/as-aventuras-de-poliana-novela-400x267.jpg 400w, https:\/\/migracao.redenoticia.com.br\/noticia\/imagens\/as-aventuras-de-poliana-novela-250x167.jpg 250w, https:\/\/migracao.redenoticia.com.br\/noticia\/imagens\/as-aventuras-de-poliana-novela-150x100.jpg 150w, https:\/\/migracao.redenoticia.com.br\/noticia\/imagens\/as-aventuras-de-poliana-novela.jpg 600w\" sizes=\"auto, (max-width: 400px) 100vw, 400px\" \/><\/p>\n<p><strong><em>Resumo novela \u201cAs Aventuras de Poliana\u201d 13\/11<\/em><\/strong>: no cap\u00edtulo 391(*) da novela, quarta-feira, 13 de novembro, D\u00e9bora e Afonso ficam sabendo da mudan\u00e7a de Poliana e sua tia para a casa de Otto, e tramam planos para acabar com o relacionamento de Lu\u00edsa e Marcelo. Bento pergunta a tia sobre o andamento do projeto de suas pernas. Filipa \u00e9 denunciada como praticante de bullying no podcast do col\u00e9gio, e come\u00e7a a sofrer ataques nas redes sociais ap\u00f3s o epis\u00f3dio. Lindomar conta para Arlete que foi convidado para participar do Domingo Legal. Brenda leva Jeff para conhecer seus outros amigos, mas o menino n\u00e3o se d\u00e1 bem com a nova turma e fica enciumado.<\/p>\n<p>Gael e Ben\u00edcio ficam desolados ao ver a placa de aluguel em sua casa. Ver\u00f4nica v\u00ea o podcast e escuta a den\u00fancia sobre sua filha. Roger vai at\u00e9 a casa de Gl\u00f3ria, encontra Ant\u00f4nio conversando com Nancy e amea\u00e7a contar para sua m\u00e3e que ele est\u00e1 recebendo visitas sem o consentimento da dona da casa. Gael, Ben\u00edcio e Yasmin decidem fazer de tudo para dificultar o aluguel da casa que moram. Pendleton convida algumas pessoas pr\u00f3ximas a Poliana e Lu\u00edsa para um coquetel em sua casa.<\/p>\n<p>(*) edi\u00e7\u00e3o do SBT, Novela \u201cAs Aventuras de Poliana\u201d, sujeito a altera\u00e7\u00e3o de data e conte\u00fado.<\/p>\n<p>\u201cAs Aventuras de Poliana\u201d &#8211; Poliana \u00e9 uma menina extrovertida e de bom cora\u00e7\u00e3o que viajava o Brasil com seus pais, Lorenzo e Alice, no grupo circense Trupe Vagalume. Aos onze anos a garota v\u00ea seu mundo desabar quando seus pais falecem e ela tem que ir morar em S\u00e3o Paulo com sua tia Lu\u00edsa, uma mulher rica e severa, a qual ela n\u00e3o conhecia e que n\u00e3o queria cuidar dela, embora sinta que \u00e9 sua obriga\u00e7\u00e3o pela alma de sua irm\u00e3. <\/p>\n<p>Apesar do jeito da rigidez da tia, Poliana decide ter uma vis\u00e3o positiva e inabal\u00e1vel da vida, mesmo nos momentos de dificuldade, tentando levar um pouco de felicidade para a vida de cada um dos seus novos amigos e vizinhos, como o Sr. Pendleton, um homem rico e infeliz por nunca ter tido filhos. Ela vai estudar no col\u00e9gio de Ruth, uma diretora de bom cora\u00e7\u00e3o que a ajuda a se adaptar, mas tem que lidar com as vilanias de Mirela, garota mais velha que n\u00e3o aceita perder a popularidade para uma novata.<\/p>\n","protected":false},"excerpt":{"rendered":"<p>Resumo novela \u201cAs Aventuras de Poliana\u201d 13\/11: no cap\u00edtulo 391(*) da novela, quarta-feira, 13 de novembro, D\u00e9bora e Afonso ficam sabendo da mudan\u00e7a de Poliana e sua tia para a casa de Otto, e tramam planos para acabar com o relacionamento de Lu\u00edsa e Marcelo. Bento pergunta a tia sobre o andamento do projeto de [&hellip;]<\/p>\n","protected":false},"author":4,"featured_media":148663,"comment_status":"open","ping_status":"closed","sticky":false,"template":"","format":"standard","meta":{"tdm_status":"","tdm_grid_status":"","footnotes":""},"categories":[477,379,372,343],"tags":[441],"class_list":{"0":"post-184492","1":"post","2":"type-post","3":"status-publish","4":"format-standard","5":"has-post-thumbnail","7":"category-as-aventuras-de-poliana","8":"category-novelas","9":"category-sbt","10":"category-televisao","11":"tag-resumo-do-dia"},"_links":{"self":[{"href":"https:\/\/migracao.redenoticia.com.br\/noticia\/wp-json\/wp\/v2\/posts\/184492","targetHints":{"allow":["GET"]}}],"collection":[{"href":"https:\/\/migracao.redenoticia.com.br\/noticia\/wp-json\/wp\/v2\/posts"}],"about":[{"href":"https:\/\/migracao.redenoticia.com.br\/noticia\/wp-json\/wp\/v2\/types\/post"}],"author":[{"embeddable":true,"href":"https:\/\/migracao.redenoticia.com.br\/noticia\/wp-json\/wp\/v2\/users\/4"}],"replies":[{"embeddable":true,"href":"https:\/\/migracao.redenoticia.com.br\/noticia\/wp-json\/wp\/v2\/comments?post=184492"}],"version-history":[{"count":0,"href":"https:\/\/migracao.redenoticia.com.br\/noticia\/wp-json\/wp\/v2\/posts\/184492\/revisions"}],"wp:featuredmedia":[{"embeddable":true,"href":"https:\/\/migracao.redenoticia.com.br\/noticia\/wp-json\/wp\/v2\/media\/148663"}],"wp:attachment":[{"href":"https:\/\/migracao.redenoticia.com.br\/noticia\/wp-json\/wp\/v2\/media?parent=184492"}],"wp:term":[{"taxonomy":"category","embeddable":true,"href":"https:\/\/migracao.redenoticia.com.br\/noticia\/wp-json\/wp\/v2\/categories?post=184492"},{"taxonomy":"post_tag","embeddable":true,"href":"https:\/\/migracao.redenoticia.com.br\/noticia\/wp-json\/wp\/v2\/tags?post=184492"}],"curies":[{"name":"wp","href":"https:\/\/api.w.org\/{rel}","templated":true}]}}