{"id":184576,"date":"2019-11-13T20:39:58","date_gmt":"2019-11-13T23:39:58","guid":{"rendered":"https:\/\/www.redenoticia.com.br\/noticia\/?p=184576"},"modified":"2019-11-13T20:39:58","modified_gmt":"2019-11-13T23:39:58","slug":"resumo-novela-abismo-de-paixao-14-11-damiao-acredita-que-elisa-ama-gael","status":"publish","type":"post","link":"https:\/\/migracao.redenoticia.com.br\/noticia\/2019\/resumo-novela-abismo-de-paixao-14-11-damiao-acredita-que-elisa-ama-gael\/184576","title":{"rendered":"Resumo novela \u201cAbismo de Paix\u00e3o\u201d 14\/11: Dami\u00e3o acredita que Elisa ama Gael"},"content":{"rendered":"<p> <img loading=\"lazy\" decoding=\"async\" class=\"aligncenter size-large wp-image-181127\" src=\"https:\/\/migracao.redenoticia.com.br\/noticia\/imagens\/abismo-de-paixao-sbt-resumo-327x300.jpg\" alt=\"\" width=\"327\" height=\"300\" srcset=\"https:\/\/migracao.redenoticia.com.br\/noticia\/imagens\/abismo-de-paixao-sbt-resumo-327x300.jpg 327w, https:\/\/migracao.redenoticia.com.br\/noticia\/imagens\/abismo-de-paixao-sbt-resumo-204x187.jpg 204w, https:\/\/migracao.redenoticia.com.br\/noticia\/imagens\/abismo-de-paixao-sbt-resumo.jpg 426w\" sizes=\"auto, (max-width: 327px) 100vw, 327px\" \/><\/p>\n<p><strong><em>Resumo da novela \u201cAbismo de Paix\u00e3o\u201d<\/em><\/strong> em 14\/11: no cap\u00edtulo 058(*) da novela, quinta-feira, 14 de novembro, Dami\u00e3o grita que todos tinham raz\u00e3o quanto ao que diziam de Elisa, pois ela n\u00e3o fez outra coisa a n\u00e3o ser brincar com seus sentimentos, e tamb\u00e9m com os de Gael. Dolores diz a Dami\u00e3o que n\u00e3o diga nada do que posteriormente pode se arrepender. Kenia pede a Dami\u00e3o que v\u00e1 embora antes que ocorra uma trag\u00e9dia. Carmen diz a Augusto que deseja separar em definitivo Elisa e Dami\u00e3o, basta dizer lhes que ambos s\u00e3o filhos do mesmo pai. Augusto pede a Carmen que se cale, pois Elisa pode escut\u00e1-la. Carmen diz a Augusto que teme que ele volte para a cadeia.<\/p>\n<p>Ele responde que n\u00e3o acredita, pois se ele for para a cadeia ela poderia voltar com Paulo. Almerinda diz a Flor\u00eancia que pressente que Elisa terminou com Dami\u00e3o. Ela diz para Flor\u00eancia tentar reconquist\u00e1-lo. Guido procura Carmen para que ela o diga por que ligou para Paulo. Augusto procura Kenia em sua casa para dizer lhe que os Arango n\u00e3o s\u00e3o gente de confian\u00e7a, pois o esporte favorito de todos \u00e9 machucar e enganar as pessoas. Augusto diz a Kenia que a adora. Eles se beijam e Carmen aparece. Augusto afirma que o que ocorreu entre ele e Kenia foi um erro que jamais voltar\u00e1 a se repetir. Carmen, furiosa, diz a Augusto que ainda que esteja insatisfeita, nunca lhe foi infiel, e que Kenia \u00e9 praticamente uma menina.<\/p>\n<p>Guido diz a Paulo que j\u00e1 descobriu que al\u00e9m de incomodar Elisa, agora tamb\u00e9m tem corrido atr\u00e1s de Carmen. Paulo responde que sua rela\u00e7\u00e3o com Carmen foi em comum acordo. Guido diz que se Paulo n\u00e3o se conscientizar, ele mesmo o denunciar\u00e1 por abuso de menor, no caso Kenia. Augusto diz a Edmundo que suspeita que Carmen o engana com outro homem, mas isso n\u00e3o o importa, pois ele est\u00e1 apaixonado por uma garota linda, que inclusive poderia ser sua filha. Dami\u00e3o diz a Paloma que Elisa terminou com ele porque ama Gael.<\/p>\n<p>(*) edi\u00e7\u00e3o do SBT, Novela \u201cAbismo de Paix\u00e3o\u201d, sujeito a altera\u00e7\u00e3o de data e conte\u00fado.<\/p>\n<p>&#8220;Abismo de Paix\u00e3o&#8221;- Augusto Casta\u00f1\u00f3n (Alejandro Camacho) e Estef\u00e2nia Bouvier de Casta\u00f1\u00f3n (Ludwika Paleta) s\u00e3o pais de Elisa (Angelique Boyer). Com eles vive Carmen Bouvier (Sabine Moussier), irm\u00e3 mais velha de Estef\u00e2nia e que vai fugir do povoado com Rog\u00e9rio Arango (C\u00e9sar \u00c9vora), esposo de Almerinda Arango (Blanca Guerra) e pai de Dami\u00e3o (David Zepeda), melhor amigo de Elisa. Almerinda descobre e alerta a Augusto.<\/p>\n<p>Por sua parte, Estef\u00e2nia tenta impedir Rog\u00e9rio a n\u00e3o abandonar sua fam\u00edlia, mas devido ao intemp\u00e9rie da chuva, ambos morrem em um acidente de carro. Carmem aproveita o fato para fazer Augusto acreditar que sua esposa era infiel. Augusto, por despeito, casa-se com Carmem, apesar de n\u00e3o estar apaixonado por ela e nem am\u00e1-la. Carmem est\u00e1 gr\u00e1vida de Rog\u00e9rio, mas mente para Augusto, dizendo que o filho \u00e9 dele.<\/p>\n<p>Querendo bater em Elisa, Carmem escorrega e cai na piscina da casa, causando morte s\u00fabita ao beb\u00ea. Por sua parte, Almerinda decide mandar a Dami\u00e3o para fora do povoado a estudar para separ\u00e1-lo de Elisa de quem \u00e9 muito amigo, amizade que ela n\u00e3o v\u00ea com bons olhos, ap\u00f3s inocentemente os dois fugirem juntos.<\/p>\n","protected":false},"excerpt":{"rendered":"<p>Resumo da novela \u201cAbismo de Paix\u00e3o\u201d em 14\/11: no cap\u00edtulo 058(*) da novela, quinta-feira, 14 de novembro, Dami\u00e3o grita que todos tinham raz\u00e3o quanto ao que diziam de Elisa, pois ela n\u00e3o fez outra coisa a n\u00e3o ser brincar com seus sentimentos, e tamb\u00e9m com os de Gael. Dolores diz a Dami\u00e3o que n\u00e3o diga [&hellip;]<\/p>\n","protected":false},"author":2,"featured_media":181126,"comment_status":"open","ping_status":"closed","sticky":false,"template":"","format":"standard","meta":{"tdm_status":"","tdm_grid_status":"","footnotes":""},"categories":[379,372,343],"tags":[441],"class_list":{"0":"post-184576","1":"post","2":"type-post","3":"status-publish","4":"format-standard","5":"has-post-thumbnail","7":"category-novelas","8":"category-sbt","9":"category-televisao","10":"tag-resumo-do-dia"},"_links":{"self":[{"href":"https:\/\/migracao.redenoticia.com.br\/noticia\/wp-json\/wp\/v2\/posts\/184576","targetHints":{"allow":["GET"]}}],"collection":[{"href":"https:\/\/migracao.redenoticia.com.br\/noticia\/wp-json\/wp\/v2\/posts"}],"about":[{"href":"https:\/\/migracao.redenoticia.com.br\/noticia\/wp-json\/wp\/v2\/types\/post"}],"author":[{"embeddable":true,"href":"https:\/\/migracao.redenoticia.com.br\/noticia\/wp-json\/wp\/v2\/users\/2"}],"replies":[{"embeddable":true,"href":"https:\/\/migracao.redenoticia.com.br\/noticia\/wp-json\/wp\/v2\/comments?post=184576"}],"version-history":[{"count":0,"href":"https:\/\/migracao.redenoticia.com.br\/noticia\/wp-json\/wp\/v2\/posts\/184576\/revisions"}],"wp:featuredmedia":[{"embeddable":true,"href":"https:\/\/migracao.redenoticia.com.br\/noticia\/wp-json\/wp\/v2\/media\/181126"}],"wp:attachment":[{"href":"https:\/\/migracao.redenoticia.com.br\/noticia\/wp-json\/wp\/v2\/media?parent=184576"}],"wp:term":[{"taxonomy":"category","embeddable":true,"href":"https:\/\/migracao.redenoticia.com.br\/noticia\/wp-json\/wp\/v2\/categories?post=184576"},{"taxonomy":"post_tag","embeddable":true,"href":"https:\/\/migracao.redenoticia.com.br\/noticia\/wp-json\/wp\/v2\/tags?post=184576"}],"curies":[{"name":"wp","href":"https:\/\/api.w.org\/{rel}","templated":true}]}}