{"id":1846,"date":"2009-05-21T08:35:54","date_gmt":"2009-05-21T12:35:54","guid":{"rendered":"http:\/\/www.redenoticia.com.br\/noticia\/?p=1846"},"modified":"2009-05-21T08:35:54","modified_gmt":"2009-05-21T12:35:54","slug":"ministro-e-presidente-do-icmbio-participam-de-operacao-na-flona-bom-futuro","status":"publish","type":"post","link":"https:\/\/migracao.redenoticia.com.br\/noticia\/2009\/ministro-e-presidente-do-icmbio-participam-de-operacao-na-flona-bom-futuro\/1846","title":{"rendered":"Ministro e presidente do ICMBio participam de opera\u00e7\u00e3o na Flona Bom Futuro"},"content":{"rendered":"<p align=\"JUSTIFY\"><span id=\"body_1160_r\">O ministro do Meio Ambiente, Carlos Minc, e o presidente do Instituto Chico Mendes de Conserva\u00e7\u00e3o da Biodiversidade (ICMBio), R\u00f4mulo Mello, participaram na ter\u00e7a-feira (19) da opera\u00e7\u00e3o ambiental na Floresta Nacional do Bom Futuro, em Porto Velho (RO), para coibir desmatamentos e a cria\u00e7\u00e3o ilegal de gado, al\u00e9m de inibir novas ocupa\u00e7\u00f5es humanas na regi\u00e3o. A opera\u00e7\u00e3o, que envolve 367 agentes do Ibama, do ICMBio, da Pol\u00edcia Militar Ambiental de Rond\u00f4nia, do Ex\u00e9rcito e do Incra, foi deflagrada h\u00e1 duas semanas para, segundo Minc, reverter \u201cum dos casos mais tr\u00e1gicos de exemplo de omiss\u00e3o p\u00fablica\u201d na \u00e1rea ambiental.<\/span><\/p>\n<p align=\"JUSTIFY\"><span id=\"body_1160_r\"><br \/>\n<\/span><span id=\"body_1160_r\">Criada em 1988 com 271 mil hectares de \u00e1rea a cerca de 200 km da cidade de Porto Velho, a Flona Bom Futuro come\u00e7ou a ser ocupada desordenadamente a partir de 1995 e 1997, com a instala\u00e7\u00e3o na regi\u00e3o de dois assentamentos do Incra. Seguiram-se v\u00e1rias ocupa\u00e7\u00f5es irregulares na regi\u00e3o, inclusive simuladas por pol\u00edticos que ali montaram currais eleitorais. Atualmente, chegou-se a um resultado devastador: cerca de 28% da Flona j\u00e1 foram desmatados, com uma ocupa\u00e7\u00e3o de 3,5 mil habitantes e 35 mil cabe\u00e7as ilegais de gado.<\/span><\/p>\n<p align=\"JUSTIFY\"><span id=\"body_1160_r\">\u201cSe continuasse a omiss\u00e3o, em 2013 cerca de 50% da Flona estariam desmatados\u201d, avalia o ministro de Meio Ambiente. At\u00e9 o in\u00edcio da opera\u00e7\u00e3o, que come\u00e7ou a ser planejada h\u00e1 seis meses, vinte caminh\u00f5es lotados de madeira cortada ilegalmente sa\u00edam diariamente da Flona, abastecendo o neg\u00f3cio de cerca de 30 serrarias que funcionavam nos munic\u00edpios vizinhos com o faturamento di\u00e1rio de cerca de R$ 100 mil. Na a\u00e7\u00e3o desta ter\u00e7a, os donos de um s\u00edtio com cerca de 400 cabe\u00e7as de gado, Cleufas Almeida de Oliveira e Juliane Rocha de Oliveira, foram notificados para que retirem o gado da regi\u00e3o em seis meses.<\/span><\/p>\n<p align=\"JUSTIFY\"><span id=\"body_1160_r\">A ida do ministro do Meio Ambiente \u00e0 Flona teve tamb\u00e9m um car\u00e1ter did\u00e1tico para desarmar a onda de boatos na regi\u00e3o, incentivada principalmente por pol\u00edticos, de que os moradores que ocuparam irregularmente a Flona seriam expulsos. Minc assumiu publicamente, nesta ter\u00e7a, que a opera\u00e7\u00e3o visa a manter quem est\u00e1 na regi\u00e3o, proibindo-se apenas o desmatamento e o ingresso de qualquer novo ocupante. Al\u00e9m disso, ser\u00e1 feita, de forma programada, a retirada das 35 mil cabe\u00e7as de gado que est\u00e3o na \u00e1rea. \u201cAqui n\u00e3o sai mais madeira, n\u00e3o entra gado e n\u00e3o entra mais ningu\u00e9m\u201d, afirmou Minc ao lado do seu assessor especial, Jos\u00e9 Maur\u00edcio Padrone, e do presidente do Instituto Chico Mendes, R\u00f4mulo Melo.<\/span><\/p>\n<p align=\"JUSTIFY\"><span id=\"body_1160_r\">A partir de agora, um dos grandes desafios do governo federal ser\u00e1 incentivar a implanta\u00e7\u00e3o de atividades sustent\u00e1veis na regi\u00e3o como o manejo florestal e o pagamento por servi\u00e7os ambientais, como o plantio de \u00e1rvores para dar sustento \u00e0s fam\u00edlias que ter\u00e3o de abandonar as atividades ilegais de corte de madeira ou de cria\u00e7\u00e3o de gado. A m\u00e9dio prazo, um dos planos do Minist\u00e9rio do Meio Ambiente \u00e9 implantar uma \u00e1rea de prote\u00e7\u00e3o ambiental na regi\u00e3o da Flona j\u00e1 desmatada por ocupa\u00e7\u00f5es humanas antigas e criar, nas \u00e1reas ainda preservadas, uma unidade de prote\u00e7\u00e3o integral.<\/span><\/p>\n<p align=\"JUSTIFY\"><span id=\"body_1160_r\">Para garantir o sucesso da opera\u00e7\u00e3o de fiscaliza\u00e7\u00e3o ambiental, o Ex\u00e9rcito deu apoio log\u00edstico com 180 homens e quatro acampamentos. Dez entradas da Flona est\u00e3o sendo vigiadas e duas guaritas de controle ser\u00e3o instaladas em 15 dias em estradas da regi\u00e3o. \u201cO poder p\u00fablico resolveu assumir sua responsabilidade. Chega de omiss\u00e3o. Desmatamento zero\u201d, disse Minc.<\/span><\/p>\n<p align=\"JUSTIFY\"><span id=\"body_1160_r\">OBJETIVOS \u2013 Para o coordenador-geral de Prote\u00e7\u00e3o Ambiental do Instituto Chico Mendes, Paulo Carneiro, a opera\u00e7\u00e3o tem objetivos claros e pac\u00edficos, que s\u00e3o coibir o desmatamento ilegal na \u00e1rea, continuar com as notifica\u00e7\u00f5es de retirada do gado (de pastagem com rebanho de cria, o que leva anos no processo de cria\u00e7\u00e3o) e cadastrar as fam\u00edlias que vivem no interior da Flona.<\/span><\/p>\n<p align=\"JUSTIFY\"><span id=\"body_1160_r\">Segundo ele, h\u00e1 uma decis\u00e3o judicial que determina a retirada de 35 mil cabe\u00e7as de gado da Unidade de Conserva\u00e7\u00e3o, al\u00e9m do cadastramento de mais de 1.500 fam\u00edlias residentes da \u00e1rea protegida. A Flona Bom Futuro, criada em 1992, por meio do Decreto 530, possui uma \u00e1rea de 280 mil hectares.<\/span><\/p>\n<p align=\"JUSTIFY\"><span id=\"body_1160_r\">\u201cEsta opera\u00e7\u00e3o vem sendo planejada a tr\u00eas anos e envolve a participa\u00e7\u00e3o de grandes parceiros, como Casa Civil, Ex\u00e9rcito, Pol\u00edcia Rodovi\u00e1ria Federal, Ibama, Incra, entre outros. A Flona foi a unidade de conserva\u00e7\u00e3o mais desmatada em 2008, com 28% de sua \u00e1rea desmatada por meio de corte raso. Da\u00ed esta opera\u00e7\u00e3o\u201d, explica Carneiro.<\/span><\/p>\n<p align=\"JUSTIFY\"><span id=\"body_1160_r\">A opera\u00e7\u00e3o est\u00e1 prevista para durar 90 dias, em tr\u00eas blocos de 30 dias. Somente do ICMBio participam 35 fiscais nesta primeira fase. \u201cCom rela\u00e7\u00e3o ao desmatamento, todos os acessos \u00e0 Flona est\u00e3o sendo monitorados, para evitar qualquer retirada ilegal. As notifica\u00e7\u00f5es aos criadores de gado foram escalonadas segundo crit\u00e9rios dos maiores produtores de gado (com mais de 200 cabe\u00e7as de gado), para posteriormente os m\u00e9dios e pequenos\u201d, explica o coordenador geral.<\/span><\/p>\n<p align=\"JUSTIFY\"><span id=\"body_1160_r\">Segundo o chefe da Flona Bom Futuro, Paulo Volnei, foram montadas 12 barreiras nos acessos que d\u00e3o para a unidade de conserva\u00e7\u00e3o e a abordagem aos que entram e saem diariamente est\u00e1 sendo pac\u00edfica. Os fiscais est\u00e3o ficando em tr\u00eas grandes acampamentos do Ex\u00e9rcito, montados com infra-estrutura de alojamento e refeit\u00f3rios.<\/span><\/p>\n<p align=\"JUSTIFY\"><span id=\"body_1160_r\">\u201cO roubo de madeira de forma ilegal, por pequenos e m\u00e9dios infratores cessou. O que est\u00e1 sendo considerado instrumento de infra\u00e7\u00e3o \u00e0 legisla\u00e7\u00e3o ambiental, como transportar motosseras, toras, ou mesmo caminh\u00f5es transporte de madeira vazios est\u00e3o sendo autuados\u201d, destaca Volnei.<\/span><\/p>\n<p align=\"JUSTIFY\"><span id=\"body_1160_r\">O Incra estar\u00e1 cadastrando as fam\u00edlias, mas segundo censo agropecu\u00e1rio j\u00e1 feito, estima-se em mais de 1.500 o n\u00famero de pessoas que vivem na Flona. \u201cComo a unidade de conserva\u00e7\u00e3o n\u00e3o possui Plano de Manejo, a id\u00e9ia \u00e9 que com a regulariza\u00e7\u00e3o da \u00e1rea se possa iniciar o processo de constru\u00e7\u00e3o desse plano, para futuramente abrir a possibilidade de concess\u00e3o florestal na \u00e1rea, gerando emprego e renda para essas mesmas fam\u00edlias que residem hoje de forma irregular na \u00e1rea\u201d, destaca o coordenador geral de Prete\u00e7\u00e3o Ambiental do ICMBio, Paulo Carneiro.<\/span><\/p>\n<p align=\"JUSTIFY\"><span id=\"body_1160_r\">O Plano de Manejo definir\u00e1 as formas de explora\u00e7\u00e3o sustent\u00e1vel dos recursos naturais. Alternativas vir\u00e3o do documento, tais como manejo florestal e extrativismo comunit\u00e1rios, extra\u00e7\u00e3o de recursos como a castanha, pesca artesanal ou mesmo alternativas de recupera\u00e7\u00e3o das \u00e1reas degradadas\u201d, explica Carneiro.<\/span><\/p>\n","protected":false},"excerpt":{"rendered":"<p>O ministro do Meio Ambiente, Carlos Minc, e o presidente do Instituto Chico Mendes de Conserva\u00e7\u00e3o da Biodiversidade (ICMBio), R\u00f4mulo Mello, participaram na ter\u00e7a-feira (19) da opera\u00e7\u00e3o ambiental na Floresta Nacional do Bom Futuro, em Porto Velho (RO), para coibir desmatamentos e a cria\u00e7\u00e3o ilegal de gado, al\u00e9m de inibir novas ocupa\u00e7\u00f5es humanas na regi\u00e3o. [&hellip;]<\/p>\n","protected":false},"author":2,"featured_media":0,"comment_status":"open","ping_status":"open","sticky":false,"template":"","format":"standard","meta":{"tdm_status":"","tdm_grid_status":"","footnotes":""},"categories":[22],"tags":[],"class_list":{"0":"post-1846","1":"post","2":"type-post","3":"status-publish","4":"format-standard","6":"category-brasil"},"_links":{"self":[{"href":"https:\/\/migracao.redenoticia.com.br\/noticia\/wp-json\/wp\/v2\/posts\/1846","targetHints":{"allow":["GET"]}}],"collection":[{"href":"https:\/\/migracao.redenoticia.com.br\/noticia\/wp-json\/wp\/v2\/posts"}],"about":[{"href":"https:\/\/migracao.redenoticia.com.br\/noticia\/wp-json\/wp\/v2\/types\/post"}],"author":[{"embeddable":true,"href":"https:\/\/migracao.redenoticia.com.br\/noticia\/wp-json\/wp\/v2\/users\/2"}],"replies":[{"embeddable":true,"href":"https:\/\/migracao.redenoticia.com.br\/noticia\/wp-json\/wp\/v2\/comments?post=1846"}],"version-history":[{"count":0,"href":"https:\/\/migracao.redenoticia.com.br\/noticia\/wp-json\/wp\/v2\/posts\/1846\/revisions"}],"wp:attachment":[{"href":"https:\/\/migracao.redenoticia.com.br\/noticia\/wp-json\/wp\/v2\/media?parent=1846"}],"wp:term":[{"taxonomy":"category","embeddable":true,"href":"https:\/\/migracao.redenoticia.com.br\/noticia\/wp-json\/wp\/v2\/categories?post=1846"},{"taxonomy":"post_tag","embeddable":true,"href":"https:\/\/migracao.redenoticia.com.br\/noticia\/wp-json\/wp\/v2\/tags?post=1846"}],"curies":[{"name":"wp","href":"https:\/\/api.w.org\/{rel}","templated":true}]}}