{"id":184679,"date":"2019-11-15T12:25:11","date_gmt":"2019-11-15T15:25:11","guid":{"rendered":"https:\/\/www.redenoticia.com.br\/noticia\/?p=184679"},"modified":"2019-11-15T12:25:11","modified_gmt":"2019-11-15T15:25:11","slug":"resumo-novela-meu-coracao-e-teu-15-11-fernando-se-encanta-por-lola-ana-2","status":"publish","type":"post","link":"https:\/\/migracao.redenoticia.com.br\/noticia\/2019\/resumo-novela-meu-coracao-e-teu-15-11-fernando-se-encanta-por-lola-ana-2\/184679","title":{"rendered":"Resumo novela \u201cMeu Cora\u00e7\u00e3o \u00e9 Teu\u201d 15\/11: Fernando se encanta por Lola\/Ana"},"content":{"rendered":"<p><img loading=\"lazy\" decoding=\"async\" src=\"https:\/\/migracao.redenoticia.com.br\/noticia\/imagens\/meu-coracao-e-teu-300x300.jpg\" alt=\"\" width=\"300\" height=\"300\" class=\"aligncenter size-large wp-image-183929\" srcset=\"https:\/\/migracao.redenoticia.com.br\/noticia\/imagens\/meu-coracao-e-teu-300x300.jpg 300w, https:\/\/migracao.redenoticia.com.br\/noticia\/imagens\/meu-coracao-e-teu-187x187.jpg 187w, https:\/\/migracao.redenoticia.com.br\/noticia\/imagens\/meu-coracao-e-teu-150x150.jpg 150w, https:\/\/migracao.redenoticia.com.br\/noticia\/imagens\/meu-coracao-e-teu-140x140.jpg 140w, https:\/\/migracao.redenoticia.com.br\/noticia\/imagens\/meu-coracao-e-teu-85x85.jpg 85w, https:\/\/migracao.redenoticia.com.br\/noticia\/imagens\/meu-coracao-e-teu.jpg 500w\" sizes=\"auto, (max-width: 300px) 100vw, 300px\" \/> <strong><em>Resumo da novela \u201cMeu Cora\u00e7\u00e3o \u00e9 Teu\u201d<\/em><\/strong> em 15\/11: no cap\u00edtulo 010(*) da novela, sexta-feira, 15 de novembro, Isabela d\u00e1 um cheque a Jennifer e ela o faz em peda\u00e7os. Quando Ana est\u00e1 a ponto de sair para dan\u00e7ar, Jennifer rapidamente toma o microfone das m\u00e3os do narrador e diz que o nome da dan\u00e7arina \u00e9 Lola. Posteriormente, Ana entra no palco com uma m\u00e1scara e vestida de mulher gato. Fernando a olha deslumbrado e corre para perto dela, que o afasta. Fernando olha nos olhos da \u201cmulher gato\u201d, e pensa j\u00e1 conhecer aquele olhar. Nicolas d\u00e1 uma chave de seu apartamento para Jennifer, convidando a para viver com ele. Ela recusa e diz n\u00e3o estar segura de seus sentimentos. Fernando se lembra da mulher gato ao ver Ana, e a explica que conheceu uma mulher que lhe causou uma \u00f3tima impress\u00e3o.<\/p>\n<p>Ana fica esgotada ap\u00f3s ensinar Sebasti\u00e3o a dan\u00e7ar. Fernando pensa em Lola e faz um desenho dela. Fernando se nega a falar com Isabela pelo telefone. Ana se esconde porque Fernando chega a boate onde ela dan\u00e7a. Jonnhy o diz que Lola se foi para sempre. Leon diz a Fanny que eles pertencem a mundos completamente diferentes. Ana garante a Jonnhy que n\u00e3o pode haver nada entre Fernando e Lola. Os g\u00eameos se comportam mal e todas as crian\u00e7as acabam ficando sem cereal no caf\u00e9 da manh\u00e3. Fernando se diverte com seus filhos, enquanto Ana os repreende por estarem brincando com comida. Ana pede a Fernando que passe menos horas na empresa e mais tempo com seus filhos. Bruno comenta com Ana que suspeita que seu chefe t\u00eam uma amante. Fanny conta a Laura que Leon \u00e9 o mensageiro da empresa de seu pai, e que adoraria que ele fosse seu namorado.<\/p>\n<p>Jonnhy decide tirar dinheiro de Fernando para lhe dar o telefone de Lola. Isabela suspeita que Fernando tem algo com a bab\u00e1 de seus filhos. Fernando liga para Lola e marca um encontro com ela. Ana reclama com Jonnhy por ele haver dado seu telefone a Fernando. Helena visita Nando e pede que ele a ajude em matem\u00e1tica e fa\u00e7a pra ela um trabalho de literatura. Bruno e Nicolas descobrem que Ana fala com um apaixonado Italiano. Lola pergunta a Fernando sobre a bab\u00e1 de seus filhos. Ana se emociona, pois Fernando diz que a bab\u00e1 de seus filhos \u00e9 muito eficiente e bela.<\/p>\n<p>(*) edi\u00e7\u00e3o do SBT, Novela \u201cMeu Cora\u00e7\u00e3o \u00e9 Teu\u201d, sujeito a altera\u00e7\u00e3o de data e conte\u00fado.<\/p>\n<p>Novela \u201cMeu Cora\u00e7\u00e3o \u00e9 Teu\u201d: Ana Leal \u00e9 uma mulher alegre e otimista. Um desastre destr\u00f3i sua casa e Ana perde tudo o que tem. Fernando Lascur\u00e1in, um prestigiado empres\u00e1rio que se lembra com tristeza que h\u00e1 um ano morreu sua esposa. Fernando \u00e9 o pai de sete filhos: Fanny de 19 anos, Nando de 17 anos, Alicia de 14 anos, Sebasti\u00e3o de 11 anos, os g\u00eameos Alex e Guille de 8 anos e a pequena Luz de 4 anos. Estes sete \u201cpequenos\u201d se encarregaram de fazer a vida de dezenas de bab\u00e1s imposs\u00edvel, mas Fernando precisa urgentemente de uma bab\u00e1 que cuide de seus filhos.<\/p>\n<p>As necessidades e a vontade de se superar, levam Ana a buscar outro trabalho. Sua falta de experi\u00eancia, e sua educa\u00e7\u00e3o prec\u00e1ria complicam o processo de ela encontrar um trabalho est\u00e1vel. Mas o destino tem algo preparado a ela: por uma confus\u00e3o, Ana termina chegando \u00e0 mans\u00e3o Lascur\u00e1in sem saber que l\u00e1 encontrar\u00e1 tudo o que sempre sonhou.<\/p>\n","protected":false},"excerpt":{"rendered":"<p>Resumo da novela \u201cMeu Cora\u00e7\u00e3o \u00e9 Teu\u201d em 15\/11: no cap\u00edtulo 010(*) da novela, sexta-feira, 15 de novembro, Isabela d\u00e1 um cheque a Jennifer e ela o faz em peda\u00e7os. Quando Ana est\u00e1 a ponto de sair para dan\u00e7ar, Jennifer rapidamente toma o microfone das m\u00e3os do narrador e diz que o nome da dan\u00e7arina [&hellip;]<\/p>\n","protected":false},"author":4,"featured_media":183928,"comment_status":"open","ping_status":"closed","sticky":false,"template":"","format":"standard","meta":{"tdm_status":"","tdm_grid_status":"","footnotes":""},"categories":[379,372,343],"tags":[441],"class_list":{"0":"post-184679","1":"post","2":"type-post","3":"status-publish","4":"format-standard","5":"has-post-thumbnail","7":"category-novelas","8":"category-sbt","9":"category-televisao","10":"tag-resumo-do-dia"},"_links":{"self":[{"href":"https:\/\/migracao.redenoticia.com.br\/noticia\/wp-json\/wp\/v2\/posts\/184679","targetHints":{"allow":["GET"]}}],"collection":[{"href":"https:\/\/migracao.redenoticia.com.br\/noticia\/wp-json\/wp\/v2\/posts"}],"about":[{"href":"https:\/\/migracao.redenoticia.com.br\/noticia\/wp-json\/wp\/v2\/types\/post"}],"author":[{"embeddable":true,"href":"https:\/\/migracao.redenoticia.com.br\/noticia\/wp-json\/wp\/v2\/users\/4"}],"replies":[{"embeddable":true,"href":"https:\/\/migracao.redenoticia.com.br\/noticia\/wp-json\/wp\/v2\/comments?post=184679"}],"version-history":[{"count":0,"href":"https:\/\/migracao.redenoticia.com.br\/noticia\/wp-json\/wp\/v2\/posts\/184679\/revisions"}],"wp:featuredmedia":[{"embeddable":true,"href":"https:\/\/migracao.redenoticia.com.br\/noticia\/wp-json\/wp\/v2\/media\/183928"}],"wp:attachment":[{"href":"https:\/\/migracao.redenoticia.com.br\/noticia\/wp-json\/wp\/v2\/media?parent=184679"}],"wp:term":[{"taxonomy":"category","embeddable":true,"href":"https:\/\/migracao.redenoticia.com.br\/noticia\/wp-json\/wp\/v2\/categories?post=184679"},{"taxonomy":"post_tag","embeddable":true,"href":"https:\/\/migracao.redenoticia.com.br\/noticia\/wp-json\/wp\/v2\/tags?post=184679"}],"curies":[{"name":"wp","href":"https:\/\/api.w.org\/{rel}","templated":true}]}}