{"id":184738,"date":"2019-11-16T19:17:32","date_gmt":"2019-11-16T22:17:32","guid":{"rendered":"https:\/\/www.redenoticia.com.br\/noticia\/?p=184738"},"modified":"2019-11-16T19:24:48","modified_gmt":"2019-11-16T22:24:48","slug":"dia-de-sorte-226-e-dupla-sena-2012-sorteio-neste-sabado-16-11","status":"publish","type":"post","link":"https:\/\/migracao.redenoticia.com.br\/noticia\/2019\/dia-de-sorte-226-e-dupla-sena-2012-sorteio-neste-sabado-16-11\/184738","title":{"rendered":"&#8220;Dia de Sorte&#8221; 226 e &#8220;Dupla Sena&#8221; 2012: sorteio neste s\u00e1bado, 16\/11"},"content":{"rendered":"<p>O resultado do sorteio <strong><em>&#8220;Dia de Sorte&#8221; 226 e &#8220;Dupla Sena&#8221; 2012<\/em><\/strong> ser\u00e1 conhecido hoje, s\u00e1bado, 16\/11, ap\u00f3s a auditoria do concurso pelo p\u00fablico presente e agentes nomeados. O pr\u00eamio &#8220;Dia de Sorte&#8221; foi estimado em R$ 600.000,00. O pr\u00eamio do sorteio da &#8220;Dupla Sena&#8221; 2012 est\u00e1 acumulado e pode ultrapassar o valor estimado em R$ 24.500.000,00. Sempre que os n\u00fameros &#8220;Dupla Sena&#8221; s\u00e3o divulgados, o portal RedeNot\u00edcia apresenta um hist\u00f3rico das dezenas sorteadas para orientar os apostadores. Al\u00e9m disso, ap\u00f3s o rateio apresentamos an\u00e1lise sobre valores e locais dos pr\u00eamios.<\/p>\n<p>[xyz-ips snippet=&#8221;ResultadoDiaDeSorte&#8221;]<\/p>\n<p>[xyz-ips snippet=&#8221;ResultadoDuplaSena&#8221;]<\/p>\n<p><img loading=\"lazy\" decoding=\"async\" src=\"https:\/\/migracao.redenoticia.com.br\/noticia\/imagens\/loteria-4-398x300.jpg\" alt=\"\" width=\"398\" height=\"300\" class=\"aligncenter size-large wp-image-148301\" srcset=\"https:\/\/migracao.redenoticia.com.br\/noticia\/imagens\/loteria-4-398x300.jpg 398w, https:\/\/migracao.redenoticia.com.br\/noticia\/imagens\/loteria-4-248x187.jpg 248w, https:\/\/migracao.redenoticia.com.br\/noticia\/imagens\/loteria-4-150x113.jpg 150w, https:\/\/migracao.redenoticia.com.br\/noticia\/imagens\/loteria-4.jpg 451w\" sizes=\"auto, (max-width: 398px) 100vw, 398px\" \/><\/p>\n<p>Parte do total arrecadado com os jogos &#8220;Dia de Sorte&#8221; e &#8220;Dupla Sena&#8221; s\u00e3o revertidos para fundos e programas sociais do governo federal nas \u00e1reas de seguridade social, cultura, seguran\u00e7a p\u00fablica e esporte.<\/p>\n<p>O recibo da aposta &#8220;Dia de Sorte&#8221; e &#8220;Dupla Sena&#8221; \u00e9 o \u00fanico documento que comprova o registro da aposta no sistema de loterias e que habilita ao recebimento dos pr\u00eamios. Sobre o pagamento incidir\u00e1 uma al\u00edquota a t\u00edtulo de Imposto de Renda, conforme legisla\u00e7\u00e3o tribut\u00e1ria vigente. A tributa\u00e7\u00e3o dos pr\u00eamios \u00e9 efetuada diretamente na fonte, cabendo aos ganhadores os valores l\u00edquidos.<\/p>\n","protected":false},"excerpt":{"rendered":"<p>O resultado do sorteio &#8220;Dia de Sorte&#8221; 226 e &#8220;Dupla Sena&#8221; 2012 ser\u00e1 conhecido hoje, s\u00e1bado, 16\/11, ap\u00f3s a auditoria do concurso pelo p\u00fablico presente e agentes nomeados. O pr\u00eamio &#8220;Dia de Sorte&#8221; foi estimado em R$ 600.000,00. O pr\u00eamio do sorteio da &#8220;Dupla Sena&#8221; 2012 est\u00e1 acumulado e pode ultrapassar o valor estimado em [&hellip;]<\/p>\n","protected":false},"author":2,"featured_media":148560,"comment_status":"open","ping_status":"closed","sticky":false,"template":"","format":"standard","meta":{"tdm_status":"","tdm_grid_status":"","footnotes":""},"categories":[478,360,335],"tags":[484,524,476,531],"class_list":{"0":"post-184738","1":"post","2":"type-post","3":"status-publish","4":"format-standard","5":"has-post-thumbnail","7":"category-dia-de-sorte","8":"category-dupla-sena","9":"category-loteria","10":"tag-dia-de-sorte","11":"tag-dupla-sena","12":"tag-loteria","13":"tag-numeros-sorteados"},"_links":{"self":[{"href":"https:\/\/migracao.redenoticia.com.br\/noticia\/wp-json\/wp\/v2\/posts\/184738","targetHints":{"allow":["GET"]}}],"collection":[{"href":"https:\/\/migracao.redenoticia.com.br\/noticia\/wp-json\/wp\/v2\/posts"}],"about":[{"href":"https:\/\/migracao.redenoticia.com.br\/noticia\/wp-json\/wp\/v2\/types\/post"}],"author":[{"embeddable":true,"href":"https:\/\/migracao.redenoticia.com.br\/noticia\/wp-json\/wp\/v2\/users\/2"}],"replies":[{"embeddable":true,"href":"https:\/\/migracao.redenoticia.com.br\/noticia\/wp-json\/wp\/v2\/comments?post=184738"}],"version-history":[{"count":0,"href":"https:\/\/migracao.redenoticia.com.br\/noticia\/wp-json\/wp\/v2\/posts\/184738\/revisions"}],"wp:featuredmedia":[{"embeddable":true,"href":"https:\/\/migracao.redenoticia.com.br\/noticia\/wp-json\/wp\/v2\/media\/148560"}],"wp:attachment":[{"href":"https:\/\/migracao.redenoticia.com.br\/noticia\/wp-json\/wp\/v2\/media?parent=184738"}],"wp:term":[{"taxonomy":"category","embeddable":true,"href":"https:\/\/migracao.redenoticia.com.br\/noticia\/wp-json\/wp\/v2\/categories?post=184738"},{"taxonomy":"post_tag","embeddable":true,"href":"https:\/\/migracao.redenoticia.com.br\/noticia\/wp-json\/wp\/v2\/tags?post=184738"}],"curies":[{"name":"wp","href":"https:\/\/api.w.org\/{rel}","templated":true}]}}