{"id":1848,"date":"2009-05-21T08:42:48","date_gmt":"2009-05-21T12:42:48","guid":{"rendered":"http:\/\/www.redenoticia.com.br\/noticia\/?p=1848"},"modified":"2009-05-21T08:42:48","modified_gmt":"2009-05-21T12:42:48","slug":"governo-quer-reduzir-preco-da-racao-para-peixe-na-amazonia","status":"publish","type":"post","link":"https:\/\/migracao.redenoticia.com.br\/noticia\/2009\/governo-quer-reduzir-preco-da-racao-para-peixe-na-amazonia\/1848","title":{"rendered":"Governo quer reduzir pre\u00e7o da ra\u00e7\u00e3o para peixe na Amaz\u00f4nia"},"content":{"rendered":"<p><a href=\"https:\/\/migracao.redenoticia.com.br\/noticia\/imagens\/\/peixe1.jpg\"><img loading=\"lazy\" decoding=\"async\" class=\"alignleft size-medium wp-image-1847\" title=\"peixe1\" src=\"https:\/\/migracao.redenoticia.com.br\/noticia\/imagens\/\/peixe1-249x187.jpg\" alt=\"peixe1\" width=\"249\" height=\"187\" \/><\/a><span style=\"font-family: Arial;\">Gregolin admitiu que o pre\u00e7o atual das ra\u00e7\u00f5es \u00e9 um grande desafio para desenvolver a piscicultura na regi\u00e3o. <\/span><\/p>\n<p><span style=\"font-family: Arial; color: windowtext;\">O ministro da Secretaria Especial de Aquicultura e Pesca, Altemir Gregolin, afirmou que a Empresa Brasileira de Pesquisa em Agropecu\u00e1ria (Embrapa), o Instituto Nacional de Pesquisas da Amaz\u00f4nia (Inpa) e a Escola T\u00e9cnica Federal do Amazonas est\u00e3o desenvolvendo pesquisas para baratear o custo da ra\u00e7\u00e3o utilizada na cria\u00e7\u00e3o de peixes na Amaz\u00f4nia.<\/p>\n<p>Gregolin participou nesta manh\u00e3 de audi\u00eancia p\u00fablica promovida pela Comiss\u00e3o da Amaz\u00f4nia, Integra\u00e7\u00e3o Nacional e de Desenvolvimento Regional para discutir o Plano Amaz\u00f4nia Sustent\u00e1vel Aquicultura e Pesca. Questionado sobre o assunto por deputados, o ministro admitiu que o pre\u00e7o atual das ra\u00e7\u00f5es \u00e9 &#8220;um grande desafio&#8221; para desenvolver o setor na regi\u00e3o. Gregolin citou ainda a conclus\u00e3o da BR 163 como uma outra medida que poder\u00e1 reduzir os custos de produ\u00e7\u00e3o.<\/p>\n<p>O barateamento das ra\u00e7\u00f5es foi listado entre os principais entraves da produ\u00e7\u00e3o de peixes na Amaz\u00f4nia pelo deputado Silas C\u00e2mara (PSC-AM), presidente da comiss\u00e3o e autor do requerimento para a realiza\u00e7\u00e3o da audi\u00eancia. Para ele, a coordena\u00e7\u00e3o das pol\u00edticas publicas e seus investimentos tamb\u00e9m \u00e9 importante para desenvolver a regi\u00e3o.<\/p>\n<p>O ministro informou ainda que o governo analisa a inclus\u00e3o da aquicultura e da pesca no Pronaf Mais Alimento, atualmente destinado \u00e0s pessoas f\u00edsicas enquadradas como agricultores familiares no <a href=\"http:\/\/www2.camara.gov.br\/homeagencia\/materias.html?pk=%20104677\"><strong><span style=\"color: windowtext;\">Pronaf<\/span><\/strong><\/a>. &#8220;\u00c9 uma linha de cr\u00e9dito excelente, porque financia at\u00e9 R$ 100 mil com juros de 2% ao ano e prazo de 10 anos para pagar&#8221;, destacou. O ministro disse que esses recursos poderiam financiar a moderniza\u00e7\u00e3o das embarca\u00e7\u00f5es da regi\u00e3o e a constru\u00e7\u00e3o de tanques para criar os peixes.<\/p>\n<p><strong>Fertilizantes<\/strong><br \/>\nDurante a audi\u00eancia, o subsecret\u00e1rio de Desenvolvimento Sustent\u00e1vel da Secretaria de Assuntos Estrat\u00e9gicos da Presid\u00eancia da Rep\u00fablica, Daniel Barcelos Vargas, informou que a pasta est\u00e1 coordenando um estudo sobre medidas para facilitar o acesso aos fertilizantes (como o aumento da produ\u00e7\u00e3o nacional) e a comercializa\u00e7\u00e3o da produ\u00e7\u00e3o na regi\u00e3o amaz\u00f4nica.<\/p>\n<p>Segundo ele, a inten\u00e7\u00e3o \u00e9 &#8220;organizar novas maneiras de produzir fertilizantes no Brasil, para superar a depend\u00eancia de importa\u00e7\u00e3o e rearrumar o mercado agr\u00edcola, para proteger os produtores dos cart\u00e9is de fornecedores de insumos e de comercializa\u00e7\u00e3o&#8221;. O tema est\u00e1 sendo discutido pelo governo federal com os estados da regi\u00e3o. N\u00e3o h\u00e1 previs\u00e3o para o an\u00fancio das medidas.<\/p>\n<p><strong>Avia\u00e7\u00e3o local <\/strong><br \/>\nO subsecret\u00e1rio defendeu ainda a flexibiliza\u00e7\u00e3o das regras para funcionamento de aeroportos na regi\u00e3o, para desenvolver a avia\u00e7\u00e3o local e facilitar o deslocamento da produ\u00e7\u00e3o, e a restaura\u00e7\u00e3o das rodovias. &#8220;Precisamos superar o falso conflito entre for\u00e7as preservacionistas e desenvolvimentistas, pois o problema da Amaz\u00f4nia \u00e9 menos ambiental que econ\u00f4mico e menos econ\u00f4mico que pol\u00edtico. Percebemos que h\u00e1 milh\u00f5es de interesses leg\u00edtimos que s\u00e3o apresentados de maneira difusa, pede-se muito e ganha-se pouco.&#8221;<\/p>\n<p>Para Daniel Vargas, \u00e9 necess\u00e1ria uma a\u00e7\u00e3o coordenada para construir um projeto de desenvolvimento que encarne as prioridades da regi\u00e3o e &#8220;promova no Pa\u00eds a import\u00e2ncia de se inaugurar um novo modelo de desenvolvimento, distinto daquele aplicado em S\u00e3o Paulo [baseado na industrializa\u00e7\u00e3o] e no Nordeste [estruturado em medidas de car\u00e1ter compensat\u00f3rio]&#8221;, disse.<\/p>\n<p><strong>Sudam<\/strong><br \/>\nDurante a audi\u00eancia, o deputado Asdrubal Bentes (PMDB-PA) defendeu a cria\u00e7\u00e3o de uma comiss\u00e3o de deputados para cobrar a inclus\u00e3o do Projeto de Lei <strong><span style=\"color: windowtext;\">3430\/08<\/span><\/strong>, do Poder Executivo, na pauta do Plen\u00e1rio. A proposta cria 138 cargos em comiss\u00e3o e 34 fun\u00e7\u00f5es gratificadas para compor os quadros do Minist\u00e9rio da Integra\u00e7\u00e3o Nacional, nas superintend\u00eancias do Desenvolvimento do Nordeste (<strong><span style=\"color: windowtext;\">Sudene<\/span><\/strong>), do Desenvolvimento da Amaz\u00f4nia (<strong><span style=\"color: windowtext;\">Sudam<\/span><\/strong>) e no Departamento Nacional de Infra-Estrutura de Transporte (Dnit). Segundo Bentes, a aprova\u00e7\u00e3o \u00e9 &#8220;fundamental&#8221; para fortalecer as a\u00e7\u00f5es da Sudam.<\/p>\n<p>Ag\u00eancia C\u00e2mara<\/span><\/p>\n","protected":false},"excerpt":{"rendered":"<p>Gregolin admitiu que o pre\u00e7o atual das ra\u00e7\u00f5es \u00e9 um grande desafio para desenvolver a piscicultura na regi\u00e3o. O ministro da Secretaria Especial de Aquicultura e Pesca, Altemir Gregolin, afirmou que a Empresa Brasileira de Pesquisa em Agropecu\u00e1ria (Embrapa), o Instituto Nacional de Pesquisas da Amaz\u00f4nia (Inpa) e a Escola T\u00e9cnica Federal do Amazonas est\u00e3o [&hellip;]<\/p>\n","protected":false},"author":3,"featured_media":0,"comment_status":"open","ping_status":"open","sticky":false,"template":"","format":"standard","meta":{"tdm_status":"","tdm_grid_status":"","footnotes":""},"categories":[7],"tags":[],"class_list":{"0":"post-1848","1":"post","2":"type-post","3":"status-publish","4":"format-standard","6":"category-economia"},"_links":{"self":[{"href":"https:\/\/migracao.redenoticia.com.br\/noticia\/wp-json\/wp\/v2\/posts\/1848","targetHints":{"allow":["GET"]}}],"collection":[{"href":"https:\/\/migracao.redenoticia.com.br\/noticia\/wp-json\/wp\/v2\/posts"}],"about":[{"href":"https:\/\/migracao.redenoticia.com.br\/noticia\/wp-json\/wp\/v2\/types\/post"}],"author":[{"embeddable":true,"href":"https:\/\/migracao.redenoticia.com.br\/noticia\/wp-json\/wp\/v2\/users\/3"}],"replies":[{"embeddable":true,"href":"https:\/\/migracao.redenoticia.com.br\/noticia\/wp-json\/wp\/v2\/comments?post=1848"}],"version-history":[{"count":0,"href":"https:\/\/migracao.redenoticia.com.br\/noticia\/wp-json\/wp\/v2\/posts\/1848\/revisions"}],"wp:attachment":[{"href":"https:\/\/migracao.redenoticia.com.br\/noticia\/wp-json\/wp\/v2\/media?parent=1848"}],"wp:term":[{"taxonomy":"category","embeddable":true,"href":"https:\/\/migracao.redenoticia.com.br\/noticia\/wp-json\/wp\/v2\/categories?post=1848"},{"taxonomy":"post_tag","embeddable":true,"href":"https:\/\/migracao.redenoticia.com.br\/noticia\/wp-json\/wp\/v2\/tags?post=1848"}],"curies":[{"name":"wp","href":"https:\/\/api.w.org\/{rel}","templated":true}]}}